{"id":7007,"date":"2025-10-13T10:15:42","date_gmt":"2025-10-13T08:15:42","guid":{"rendered":"https:\/\/www.patientenbeteiligung.de\/nrw\/?p=7007"},"modified":"2025-12-04T15:58:05","modified_gmt":"2025-12-04T14:58:05","slug":"bericht-regionale-patientenforen-2025","status":"publish","type":"post","link":"https:\/\/www.patientenbeteiligung.de\/nrw\/2025\/10\/13\/bericht-regionale-patientenforen-2025\/","title":{"rendered":"Bericht Regionale Patientenforen 2025"},"content":{"rendered":"    <div class=\"sections alignfull   flex flex-col\">\n                                    <div class=\"section py-4 [&#038;:first-child:not(.section-columns_.section)]:pt-12 [&#038;:last-child:not(.section-columns_.section)]:pb-12 md:[&#038;:first-child:not(.section-columns_.section)]:pt-20 md:[&#038;:last-child:not(.section-columns_.section)]:pb-20\">\n                    \n<div class=\"section-text prose prose-pbt alignnarrow [&#038;.expanded_.read-more-text]:hidden [&#038;.expanded_.read-less-text]:inline [&#038;.expanded_.read-more-target]:!block\">\n    <div class=\" [&#038;_:first-child]:mt-0\">\n        <p>Auf den diesj\u00e4hrigen Regionalen Patientenforen der Projektstelle Patientenbeteiligung NRW haben sich insgesamt 90 kommunal engagierte Patientenvertreter*innen auf zehn Treffen in den f\u00fcnf Regierungsbezirken von NRW zur Patientenorientierung im kommunalen Gesundheitswesen ausgetauscht. Dabei stimmten die Teilnehmenden im Vorfeld \u00fcber ein Schwerpunktthema je Regierungsbezirk ab, zu dem sich die Patientenvertreter*innen auf den Pr\u00e4senzterminen in der ersten Jahresh\u00e4lfte gemeinsam positioniert haben. Auf den digitalen Patientenforen in der zweiten Jahresh\u00e4lfte wurden Vorschlage erarbeitet, mit denen die Patientenvertretung als Netzwerk vor Ort selbst an der Umsetzung der Positionen mitwirken kann. Zu folgenden Themen entwickelten die Patientenvertreter*innen Positionen:<\/p>\n<ul>\n<li>Klimaschutz ist Gesundheitsschutz (Patientenform M\u00fcnster)<\/li>\n<li>Versorgung mit Fach\u00e4rzt*innen sicherstellen (Patientenforum Arnsberg)<\/li>\n<li>Gesundheitsf\u00f6rderung in Kommunen ausbauen (Patientenforum D\u00fcsseldorf)<\/li>\n<li>\u00dcberleitungsmanagement patientenorientiert gestalten (Patientenforum Detmold)<\/li>\n<li>Patientenbedarfe in der Versorgung ber\u00fccksichtigen (Patientenforum K\u00f6ln)<\/li>\n<\/ul>\n<p>Die Vorschl\u00e4ge, selbst aktiv zu werden, waren vielf\u00e4ltig: Die Ideen reichten von der Organisation von Rollenspielen f\u00fcr medizinisches Personal zur Sensibilisierung f\u00fcr Patientenbedarfe \u00fcber die Gr\u00fcndung von AGs in den Kommunalen Gesundheitskonferenzen zur Verbesserung des \u00dcberleitungsmanagements bis hin zur Weiterleitung der entwickelten Positionspapiere an die zust\u00e4ndigen Akteure vor Ort. Auf den Patientenforen im kommenden Jahr werden sich die Patientenvertreter*innen dazu updaten, was sie selbst von den Vorschl\u00e4gen in der Praxis umsetzen konnten.<\/p>\n<p>Die entwickelten Positionen k\u00f6nnen weiter unten gedownloadet und f\u00fcr das Engagement vor Ort genutzt werden. Die Ergebnisse werden auch auf der Jahrestagung der Patientenbeteiligung NRW am 21. November 2025 ausgestellt.<\/p>\n    <\/div>\n    <\/div>                <\/div>\n                            <div class=\"section py-4 [&#038;:first-child:not(.section-columns_.section)]:pt-12 [&#038;:last-child:not(.section-columns_.section)]:pb-12 md:[&#038;:first-child:not(.section-columns_.section)]:pt-20 md:[&#038;:last-child:not(.section-columns_.section)]:pb-20\">\n                    \n<div class=\"section-link-list alignnarrow flex justify-center\">\n    <div class=\"w-full bg-ultralight-green p-6\">\n        <ul class=\"list-none m-0 p-0\">\n                                <li class=\"mb-3\">\n                        <a class=\"block no-underline hover:no-underline gap-2 items-center\" href=\"https:\/\/www.patientenbeteiligung.de\/nrw\/wp-content\/uploads\/sites\/12\/2025\/10\/Eckpunktepapier-PF-Muenster-2025_Klima-und-Gesundheit_final.pdf\" target=\"_blank\">\n                            <span class=\"inline underline align-bottom\">M\u00fcnster: Klimaschutz ist Gesundheitsschutz<\/span>\n                                                            <span class=\"inline-block no-underline [&#038;_svg]:size-[1.15em] align-bottom relative bottom-[0.25em] md:bottom-[0.2em]\">\n                                    <svg class=\"w-5 h-5 lg:w-7 lg:h-7\" viewBox=\"0 0 28 28\" fill=\"none\" xmlns=\"http:\/\/www.w3.org\/2000\/svg\">\n    <path d=\"M7 11.667L14 18.667L21 11.667\" stroke=\"currentColor\" stroke-width=\"2\" stroke-linecap=\"round\" stroke-linejoin=\"round\" \/>\n    <path d=\"M14 4.66699V18.667\" stroke=\"currentColor\" stroke-width=\"2\" stroke-linecap=\"round\" stroke-linejoin=\"round\" \/>\n\n<\/svg>                                <\/span>\n                                                    <\/a>\n                    <\/li>\n                                                <li class=\"mb-3\">\n                        <a class=\"block no-underline hover:no-underline gap-2 items-center\" href=\"https:\/\/www.patientenbeteiligung.de\/nrw\/wp-content\/uploads\/sites\/12\/2025\/10\/Eckpunktepapier-RB-Arnsberg_Versorgung-mit-FachaerztInnen_final.pdf\" target=\"_blank\">\n                            <span class=\"inline underline align-bottom\">Arnsberg: Versorgung mit Fach\u00e4rzt*innen sicherstellen<\/span>\n                                                            <span class=\"inline-block no-underline [&#038;_svg]:size-[1.15em] align-bottom relative bottom-[0.25em] md:bottom-[0.2em]\">\n                                    <svg class=\"w-5 h-5 lg:w-7 lg:h-7\" viewBox=\"0 0 28 28\" fill=\"none\" xmlns=\"http:\/\/www.w3.org\/2000\/svg\">\n    <path d=\"M7 11.667L14 18.667L21 11.667\" stroke=\"currentColor\" stroke-width=\"2\" stroke-linecap=\"round\" stroke-linejoin=\"round\" \/>\n    <path d=\"M14 4.66699V18.667\" stroke=\"currentColor\" stroke-width=\"2\" stroke-linecap=\"round\" stroke-linejoin=\"round\" \/>\n\n<\/svg>                                <\/span>\n                                                    <\/a>\n                    <\/li>\n                                                <li class=\"mb-3\">\n                        <a class=\"block no-underline hover:no-underline gap-2 items-center\" href=\"https:\/\/www.patientenbeteiligung.de\/nrw\/wp-content\/uploads\/sites\/12\/2025\/10\/Eckpunktepapier-RB-Duesseldorf_Ausbau-kommunaler-Gesundheitsfoerderung_final.pdf\" target=\"_blank\">\n                            <span class=\"inline underline align-bottom\">D\u00fcsseldorf: Gesundheitsf\u00f6rderung in Kommunen ausbauen<\/span>\n                                                            <span class=\"inline-block no-underline [&#038;_svg]:size-[1.15em] align-bottom relative bottom-[0.25em] md:bottom-[0.2em]\">\n                                    <svg class=\"w-5 h-5 lg:w-7 lg:h-7\" viewBox=\"0 0 28 28\" fill=\"none\" xmlns=\"http:\/\/www.w3.org\/2000\/svg\">\n    <path d=\"M7 11.667L14 18.667L21 11.667\" stroke=\"currentColor\" stroke-width=\"2\" stroke-linecap=\"round\" stroke-linejoin=\"round\" \/>\n    <path d=\"M14 4.66699V18.667\" stroke=\"currentColor\" stroke-width=\"2\" stroke-linecap=\"round\" stroke-linejoin=\"round\" \/>\n\n<\/svg>                                <\/span>\n                                                    <\/a>\n                    <\/li>\n                                                <li class=\"mb-3\">\n                        <a class=\"block no-underline hover:no-underline gap-2 items-center\" href=\"https:\/\/www.patientenbeteiligung.de\/nrw\/wp-content\/uploads\/sites\/12\/2025\/10\/Patientenvertretung-RB-Detmold-2025_Eckpunktepapier-Ueberleitungsmanagement_final-1.pdf\" target=\"_blank\">\n                            <span class=\"inline underline align-bottom\">Detmold: \u00dcberleitungsmanagement patientenorientiert gestalten<\/span>\n                                                            <span class=\"inline-block no-underline [&#038;_svg]:size-[1.15em] align-bottom relative bottom-[0.25em] md:bottom-[0.2em]\">\n                                    <svg class=\"w-5 h-5 lg:w-7 lg:h-7\" viewBox=\"0 0 28 28\" fill=\"none\" xmlns=\"http:\/\/www.w3.org\/2000\/svg\">\n    <path d=\"M7 11.667L14 18.667L21 11.667\" stroke=\"currentColor\" stroke-width=\"2\" stroke-linecap=\"round\" stroke-linejoin=\"round\" \/>\n    <path d=\"M14 4.66699V18.667\" stroke=\"currentColor\" stroke-width=\"2\" stroke-linecap=\"round\" stroke-linejoin=\"round\" \/>\n\n<\/svg>                                <\/span>\n                                                    <\/a>\n                    <\/li>\n                                                <li class=\"mb-3\">\n                        <a class=\"block no-underline hover:no-underline gap-2 items-center\" href=\"https:\/\/www.patientenbeteiligung.de\/nrw\/wp-content\/uploads\/sites\/12\/2025\/10\/Patientenvertretung-RB-Koeln-2025_Eckpunktepapier-Patientenbedarfe_final.pdf\" target=\"_blank\">\n                            <span class=\"inline underline align-bottom\">K\u00f6ln: Patientenbedarfe in der Versorgung ber\u00fccksichtigen<\/span>\n                                                            <span class=\"inline-block no-underline [&#038;_svg]:size-[1.15em] align-bottom relative bottom-[0.25em] md:bottom-[0.2em]\">\n                                    <svg class=\"w-5 h-5 lg:w-7 lg:h-7\" viewBox=\"0 0 28 28\" fill=\"none\" xmlns=\"http:\/\/www.w3.org\/2000\/svg\">\n    <path d=\"M7 11.667L14 18.667L21 11.667\" stroke=\"currentColor\" stroke-width=\"2\" stroke-linecap=\"round\" stroke-linejoin=\"round\" \/>\n    <path d=\"M14 4.66699V18.667\" stroke=\"currentColor\" stroke-width=\"2\" stroke-linecap=\"round\" stroke-linejoin=\"round\" \/>\n\n<\/svg>                                <\/span>\n                                                    <\/a>\n                    <\/li>\n                                    <\/ul>\n    <\/div>\n<\/div>                <\/div>\n                            <div class=\"section py-4 [&#038;:first-child:not(.section-columns_.section)]:pt-12 [&#038;:last-child:not(.section-columns_.section)]:pb-12 md:[&#038;:first-child:not(.section-columns_.section)]:pt-20 md:[&#038;:last-child:not(.section-columns_.section)]:pb-20\">\n                    \n<div class=\"section-link-list alignnarrow flex justify-center\">\n    <div class=\"w-full bg-ultralight-green p-6\">\n        <ul class=\"list-none m-0 p-0\">\n                                <li class=\"mb-3\">\n                        <a class=\"block no-underline hover:no-underline gap-2 items-center\" href=\"https:\/\/www.patientenbeteiligung.de\/nrw\/termin\/jahrestagung-patientenbeteiligung-nrw-2025\/\" target=\"_blank\">\n                            <span class=\"inline underline align-bottom\">Infos zur Jahrestagung Patientenbeteiligung NRW<\/span>\n                                                    <\/a>\n                    <\/li>\n                                    <\/ul>\n    <\/div>\n<\/div>                <\/div>\n                            <div class=\"section\">\n                    \n<div class=\"section-image alignnarrow flex  w-full\">\n    <div class=\"w-[48rem]\">\n            <figure class=\"[&#038;_img]:m-0 m-0\">\n        <img loading=\"lazy\" decoding=\"async\" width=\"768\" height=\"1024\" src=\"https:\/\/www.patientenbeteiligung.de\/nrw\/wp-content\/uploads\/sites\/12\/2025\/06\/IMG_20250513_121922-1-768x1024.jpg\" class=\"w-full\" alt=\"\" title=\"Patientenforum Bielefeld, \u00a9 Patientenbeteiligung NRW 2025\" srcset=\"https:\/\/www.patientenbeteiligung.de\/nrw\/wp-content\/uploads\/sites\/12\/2025\/06\/IMG_20250513_121922-1-768x1024.jpg 768w, https:\/\/www.patientenbeteiligung.de\/nrw\/wp-content\/uploads\/sites\/12\/2025\/06\/IMG_20250513_121922-1-225x300.jpg 225w, https:\/\/www.patientenbeteiligung.de\/nrw\/wp-content\/uploads\/sites\/12\/2025\/06\/IMG_20250513_121922-1-1152x1536.jpg 1152w, https:\/\/www.patientenbeteiligung.de\/nrw\/wp-content\/uploads\/sites\/12\/2025\/06\/IMG_20250513_121922-1-1536x2048.jpg 1536w, https:\/\/www.patientenbeteiligung.de\/nrw\/wp-content\/uploads\/sites\/12\/2025\/06\/IMG_20250513_121922-1-1320x1760.jpg 1320w, https:\/\/www.patientenbeteiligung.de\/nrw\/wp-content\/uploads\/sites\/12\/2025\/06\/IMG_20250513_121922-1-scaled.jpg 1920w\" sizes=\"auto, (max-width: 768px) 100vw, 768px\" \/>                    <figcaption class=\"opacity-50 text-[0.8em] pb-4 mt-0 pt-2\">Patientenforum Bielefeld, \u00a9 Patientenbeteiligung NRW 2025<\/figcaption>\n            <\/figure>\n    <\/div>\n<\/div>                <\/div>\n                            <div class=\"section\">\n                    \n<div class=\"section-image alignnarrow flex  w-full\">\n    <div class=\"w-[48rem]\">\n            <figure class=\"[&#038;_img]:m-0 m-0\">\n        <img loading=\"lazy\" decoding=\"async\" width=\"1024\" height=\"768\" src=\"https:\/\/www.patientenbeteiligung.de\/nrw\/wp-content\/uploads\/sites\/12\/2025\/06\/IMG_20250604_144140-1024x768.jpg\" class=\"w-full\" alt=\"\" title=\"Patientenforum D\u00fcsseldorf, \u00a9 Patientenbeteiligung NRW 2025\" srcset=\"https:\/\/www.patientenbeteiligung.de\/nrw\/wp-content\/uploads\/sites\/12\/2025\/06\/IMG_20250604_144140-1024x768.jpg 1024w, https:\/\/www.patientenbeteiligung.de\/nrw\/wp-content\/uploads\/sites\/12\/2025\/06\/IMG_20250604_144140-300x225.jpg 300w, https:\/\/www.patientenbeteiligung.de\/nrw\/wp-content\/uploads\/sites\/12\/2025\/06\/IMG_20250604_144140-768x576.jpg 768w, https:\/\/www.patientenbeteiligung.de\/nrw\/wp-content\/uploads\/sites\/12\/2025\/06\/IMG_20250604_144140-1536x1152.jpg 1536w, https:\/\/www.patientenbeteiligung.de\/nrw\/wp-content\/uploads\/sites\/12\/2025\/06\/IMG_20250604_144140-2048x1536.jpg 2048w, https:\/\/www.patientenbeteiligung.de\/nrw\/wp-content\/uploads\/sites\/12\/2025\/06\/IMG_20250604_144140-1320x990.jpg 1320w\" sizes=\"auto, (max-width: 1024px) 100vw, 1024px\" \/>                    <figcaption class=\"opacity-50 text-[0.8em] pb-4 mt-0 pt-2\">Patientenforum D\u00fcsseldorf, \u00a9 Patientenbeteiligung NRW 2025<\/figcaption>\n            <\/figure>\n    <\/div>\n<\/div>                <\/div>\n                            <div class=\"section\">\n                    \n<div class=\"section-image alignnarrow flex  w-full\">\n    <div class=\"w-[48rem]\">\n            <figure class=\"[&#038;_img]:m-0 m-0\">\n        <img loading=\"lazy\" decoding=\"async\" width=\"1024\" height=\"859\" src=\"https:\/\/www.patientenbeteiligung.de\/nrw\/wp-content\/uploads\/sites\/12\/2025\/06\/IMG_20250526_121831-scaled-e1771935649299-1024x859.jpg\" class=\"w-full\" alt=\"\" title=\"Patientenforum Dortmund, \u00a9 Patientenbeteiligung NRW 2025\" srcset=\"https:\/\/www.patientenbeteiligung.de\/nrw\/wp-content\/uploads\/sites\/12\/2025\/06\/IMG_20250526_121831-scaled-e1771935649299-1024x859.jpg 1024w, https:\/\/www.patientenbeteiligung.de\/nrw\/wp-content\/uploads\/sites\/12\/2025\/06\/IMG_20250526_121831-scaled-e1771935649299-300x252.jpg 300w, https:\/\/www.patientenbeteiligung.de\/nrw\/wp-content\/uploads\/sites\/12\/2025\/06\/IMG_20250526_121831-scaled-e1771935649299-768x644.jpg 768w, https:\/\/www.patientenbeteiligung.de\/nrw\/wp-content\/uploads\/sites\/12\/2025\/06\/IMG_20250526_121831-scaled-e1771935649299-1536x1288.jpg 1536w, https:\/\/www.patientenbeteiligung.de\/nrw\/wp-content\/uploads\/sites\/12\/2025\/06\/IMG_20250526_121831-scaled-e1771935649299-1320x1107.jpg 1320w, https:\/\/www.patientenbeteiligung.de\/nrw\/wp-content\/uploads\/sites\/12\/2025\/06\/IMG_20250526_121831-scaled-e1771935649299.jpg 1920w\" sizes=\"auto, (max-width: 1024px) 100vw, 1024px\" \/>                    <figcaption class=\"opacity-50 text-[0.8em] pb-4 mt-0 pt-2\">Patientenforum Dortmund, \u00a9 Patientenbeteiligung NRW 2025<\/figcaption>\n            <\/figure>\n    <\/div>\n<\/div>                <\/div>\n                            <div class=\"section\">\n                    \n<div class=\"section-image alignnarrow flex  w-full\">\n    <div class=\"w-[48rem]\">\n            <figure class=\"[&#038;_img]:m-0 m-0\">\n        <img loading=\"lazy\" decoding=\"async\" width=\"1024\" height=\"768\" src=\"https:\/\/www.patientenbeteiligung.de\/nrw\/wp-content\/uploads\/sites\/12\/2025\/06\/IMG_20250612_120438-1024x768.jpg\" class=\"w-full\" alt=\"Patientenforum M\u00fcnster, \u00a9 Patientenbeteiligung NRW 2025\" title=\"Patientenforum M\u00fcnster, \u00a9 Patientenbeteiligung NRW 2025\" srcset=\"https:\/\/www.patientenbeteiligung.de\/nrw\/wp-content\/uploads\/sites\/12\/2025\/06\/IMG_20250612_120438-1024x768.jpg 1024w, https:\/\/www.patientenbeteiligung.de\/nrw\/wp-content\/uploads\/sites\/12\/2025\/06\/IMG_20250612_120438-300x225.jpg 300w, https:\/\/www.patientenbeteiligung.de\/nrw\/wp-content\/uploads\/sites\/12\/2025\/06\/IMG_20250612_120438-768x576.jpg 768w, https:\/\/www.patientenbeteiligung.de\/nrw\/wp-content\/uploads\/sites\/12\/2025\/06\/IMG_20250612_120438-1536x1152.jpg 1536w, https:\/\/www.patientenbeteiligung.de\/nrw\/wp-content\/uploads\/sites\/12\/2025\/06\/IMG_20250612_120438-2048x1536.jpg 2048w, https:\/\/www.patientenbeteiligung.de\/nrw\/wp-content\/uploads\/sites\/12\/2025\/06\/IMG_20250612_120438-1320x990.jpg 1320w\" sizes=\"auto, (max-width: 1024px) 100vw, 1024px\" \/>                    <figcaption class=\"opacity-50 text-[0.8em] pb-4 mt-0 pt-2\">Patientenforum M\u00fcnster, \u00a9 Patientenbeteiligung NRW 2025<\/figcaption>\n            <\/figure>\n    <\/div>\n<\/div>                <\/div>\n                        <\/div>\n","protected":false},"excerpt":{"rendered":"<p>Auf den diesj\u00e4hrigen Regionalen Patientenforen der Projektstelle haben sich insgesamt 90 kommunale Patientenvertreter*innen auf zehn Treffen in den f\u00fcnf Regierungsbezirken in NRW zur Patientenorientierung im kommunalen Gesundheitswesen ausgetauscht.<\/p>\n","protected":false},"author":15,"featured_media":6754,"comment_status":"closed","ping_status":"closed","sticky":false,"template":"","format":"standard","meta":{"_acf_changed":false,"footnotes":""},"categories":[1],"tags":[],"class_list":["post-7007","post","type-post","status-publish","format-standard","has-post-thumbnail","hentry","category-allgemein"],"acf":[],"yoast_head":"<!-- This site is optimized with the Yoast SEO plugin v24.9 - https:\/\/yoast.com\/wordpress\/plugins\/seo\/ -->\n<title>Bericht Regionale Patientenforen 2025 - Patientenbeteiligung NRW<\/title>\n<meta name=\"robots\" content=\"index, follow, max-snippet:-1, max-image-preview:large, max-video-preview:-1\" \/>\n<link rel=\"canonical\" href=\"https:\/\/www.patientenbeteiligung.de\/nrw\/2025\/10\/13\/bericht-regionale-patientenforen-2025\/\" \/>\n<meta property=\"og:locale\" content=\"de_DE\" \/>\n<meta property=\"og:type\" content=\"article\" \/>\n<meta property=\"og:title\" content=\"Bericht Regionale Patientenforen 2025 - Patientenbeteiligung NRW\" \/>\n<meta property=\"og:description\" content=\"Auf den diesj\u00e4hrigen Regionalen Patientenforen der Projektstelle haben sich insgesamt 90 kommunale Patientenvertreter*innen auf zehn Treffen in den f\u00fcnf Regierungsbezirken in NRW zur Patientenorientierung im kommunalen Gesundheitswesen ausgetauscht.\" \/>\n<meta property=\"og:url\" content=\"https:\/\/www.patientenbeteiligung.de\/nrw\/2025\/10\/13\/bericht-regionale-patientenforen-2025\/\" \/>\n<meta property=\"og:site_name\" content=\"Patientenbeteiligung NRW\" \/>\n<meta property=\"article:published_time\" content=\"2025-10-13T08:15:42+00:00\" \/>\n<meta property=\"article:modified_time\" content=\"2025-12-04T14:58:05+00:00\" \/>\n<meta property=\"og:image\" content=\"https:\/\/www.patientenbeteiligung.de\/nrw\/wp-content\/uploads\/sites\/12\/2025\/06\/IMG_20250520_121849-scaled.jpg\" \/>\n\t<meta property=\"og:image:width\" content=\"2560\" \/>\n\t<meta property=\"og:image:height\" content=\"1920\" \/>\n\t<meta property=\"og:image:type\" content=\"image\/jpeg\" \/>\n<meta name=\"author\" content=\"jankassner758\" \/>\n<meta name=\"twitter:card\" content=\"summary_large_image\" \/>\n<meta name=\"twitter:label1\" content=\"Verfasst von\" \/>\n\t<meta name=\"twitter:data1\" content=\"jankassner758\" \/>\n\t<meta name=\"twitter:label2\" content=\"Gesch\u00e4tzte Lesezeit\" \/>\n\t<meta name=\"twitter:data2\" content=\"1\u00a0Minute\" \/>\n<script type=\"application\/ld+json\" class=\"yoast-schema-graph\">{\"@context\":\"https:\/\/schema.org\",\"@graph\":[{\"@type\":\"WebPage\",\"@id\":\"https:\/\/www.patientenbeteiligung.de\/nrw\/2025\/10\/13\/bericht-regionale-patientenforen-2025\/\",\"url\":\"https:\/\/www.patientenbeteiligung.de\/nrw\/2025\/10\/13\/bericht-regionale-patientenforen-2025\/\",\"name\":\"Bericht Regionale Patientenforen 2025 - Patientenbeteiligung NRW\",\"isPartOf\":{\"@id\":\"https:\/\/www.patientenbeteiligung.de\/nrw\/#website\"},\"primaryImageOfPage\":{\"@id\":\"https:\/\/www.patientenbeteiligung.de\/nrw\/2025\/10\/13\/bericht-regionale-patientenforen-2025\/#primaryimage\"},\"image\":{\"@id\":\"https:\/\/www.patientenbeteiligung.de\/nrw\/2025\/10\/13\/bericht-regionale-patientenforen-2025\/#primaryimage\"},\"thumbnailUrl\":\"https:\/\/www.patientenbeteiligung.de\/nrw\/wp-content\/uploads\/sites\/12\/2025\/06\/IMG_20250520_121849-scaled.jpg\",\"datePublished\":\"2025-10-13T08:15:42+00:00\",\"dateModified\":\"2025-12-04T14:58:05+00:00\",\"author\":{\"@id\":\"https:\/\/www.patientenbeteiligung.de\/nrw\/#\/schema\/person\/61a7e43b6e266673ab61b74c387974d1\"},\"breadcrumb\":{\"@id\":\"https:\/\/www.patientenbeteiligung.de\/nrw\/2025\/10\/13\/bericht-regionale-patientenforen-2025\/#breadcrumb\"},\"inLanguage\":\"de\",\"potentialAction\":[{\"@type\":\"ReadAction\",\"target\":[\"https:\/\/www.patientenbeteiligung.de\/nrw\/2025\/10\/13\/bericht-regionale-patientenforen-2025\/\"]}]},{\"@type\":\"ImageObject\",\"inLanguage\":\"de\",\"@id\":\"https:\/\/www.patientenbeteiligung.de\/nrw\/2025\/10\/13\/bericht-regionale-patientenforen-2025\/#primaryimage\",\"url\":\"https:\/\/www.patientenbeteiligung.de\/nrw\/wp-content\/uploads\/sites\/12\/2025\/06\/IMG_20250520_121849-scaled.jpg\",\"contentUrl\":\"https:\/\/www.patientenbeteiligung.de\/nrw\/wp-content\/uploads\/sites\/12\/2025\/06\/IMG_20250520_121849-scaled.jpg\",\"width\":2560,\"height\":1920,\"caption\":\"Patientenforum K\u00f6ln, \u00a9 Patientenbeteiligung NRW 2025\"},{\"@type\":\"BreadcrumbList\",\"@id\":\"https:\/\/www.patientenbeteiligung.de\/nrw\/2025\/10\/13\/bericht-regionale-patientenforen-2025\/#breadcrumb\",\"itemListElement\":[{\"@type\":\"ListItem\",\"position\":1,\"name\":\"Patientenbeteiligung\",\"item\":\"https:\/\/www.patientenbeteiligung.de\"},{\"@type\":\"ListItem\",\"position\":2,\"name\":\"Nordrhein-Westfalen\",\"item\":\"https:\/\/www.patientenbeteiligung.de\/nrw\/\"},{\"@type\":\"ListItem\",\"position\":3,\"name\":\"Bericht Regionale Patientenforen 2025\"}]},{\"@type\":\"WebSite\",\"@id\":\"https:\/\/www.patientenbeteiligung.de\/nrw\/#website\",\"url\":\"https:\/\/www.patientenbeteiligung.de\/nrw\/\",\"name\":\"Patientenbeteiligung NRW\",\"description\":\"\",\"potentialAction\":[{\"@type\":\"SearchAction\",\"target\":{\"@type\":\"EntryPoint\",\"urlTemplate\":\"https:\/\/www.patientenbeteiligung.de\/nrw\/?s={search_term_string}\"},\"query-input\":{\"@type\":\"PropertyValueSpecification\",\"valueRequired\":true,\"valueName\":\"search_term_string\"}}],\"inLanguage\":\"de\"},{\"@type\":\"Person\",\"@id\":\"https:\/\/www.patientenbeteiligung.de\/nrw\/#\/schema\/person\/61a7e43b6e266673ab61b74c387974d1\",\"name\":\"jankassner758\",\"url\":\"https:\/\/www.patientenbeteiligung.de\/nrw\/author\/jankassner758\/\"}]}<\/script>\n<!-- \/ Yoast SEO plugin. -->","yoast_head_json":{"title":"Bericht Regionale Patientenforen 2025 - Patientenbeteiligung NRW","robots":{"index":"index","follow":"follow","max-snippet":"max-snippet:-1","max-image-preview":"max-image-preview:large","max-video-preview":"max-video-preview:-1"},"canonical":"https:\/\/www.patientenbeteiligung.de\/nrw\/2025\/10\/13\/bericht-regionale-patientenforen-2025\/","og_locale":"de_DE","og_type":"article","og_title":"Bericht Regionale Patientenforen 2025 - Patientenbeteiligung NRW","og_description":"Auf den diesj\u00e4hrigen Regionalen Patientenforen der Projektstelle haben sich insgesamt 90 kommunale Patientenvertreter*innen auf zehn Treffen in den f\u00fcnf Regierungsbezirken in NRW zur Patientenorientierung im kommunalen Gesundheitswesen ausgetauscht.","og_url":"https:\/\/www.patientenbeteiligung.de\/nrw\/2025\/10\/13\/bericht-regionale-patientenforen-2025\/","og_site_name":"Patientenbeteiligung NRW","article_published_time":"2025-10-13T08:15:42+00:00","article_modified_time":"2025-12-04T14:58:05+00:00","og_image":[{"width":2560,"height":1920,"url":"https:\/\/www.patientenbeteiligung.de\/nrw\/wp-content\/uploads\/sites\/12\/2025\/06\/IMG_20250520_121849-scaled.jpg","type":"image\/jpeg"}],"author":"jankassner758","twitter_card":"summary_large_image","twitter_misc":{"Verfasst von":"jankassner758","Gesch\u00e4tzte Lesezeit":"1\u00a0Minute"},"schema":{"@context":"https:\/\/schema.org","@graph":[{"@type":"WebPage","@id":"https:\/\/www.patientenbeteiligung.de\/nrw\/2025\/10\/13\/bericht-regionale-patientenforen-2025\/","url":"https:\/\/www.patientenbeteiligung.de\/nrw\/2025\/10\/13\/bericht-regionale-patientenforen-2025\/","name":"Bericht Regionale Patientenforen 2025 - Patientenbeteiligung NRW","isPartOf":{"@id":"https:\/\/www.patientenbeteiligung.de\/nrw\/#website"},"primaryImageOfPage":{"@id":"https:\/\/www.patientenbeteiligung.de\/nrw\/2025\/10\/13\/bericht-regionale-patientenforen-2025\/#primaryimage"},"image":{"@id":"https:\/\/www.patientenbeteiligung.de\/nrw\/2025\/10\/13\/bericht-regionale-patientenforen-2025\/#primaryimage"},"thumbnailUrl":"https:\/\/www.patientenbeteiligung.de\/nrw\/wp-content\/uploads\/sites\/12\/2025\/06\/IMG_20250520_121849-scaled.jpg","datePublished":"2025-10-13T08:15:42+00:00","dateModified":"2025-12-04T14:58:05+00:00","author":{"@id":"https:\/\/www.patientenbeteiligung.de\/nrw\/#\/schema\/person\/61a7e43b6e266673ab61b74c387974d1"},"breadcrumb":{"@id":"https:\/\/www.patientenbeteiligung.de\/nrw\/2025\/10\/13\/bericht-regionale-patientenforen-2025\/#breadcrumb"},"inLanguage":"de","potentialAction":[{"@type":"ReadAction","target":["https:\/\/www.patientenbeteiligung.de\/nrw\/2025\/10\/13\/bericht-regionale-patientenforen-2025\/"]}]},{"@type":"ImageObject","inLanguage":"de","@id":"https:\/\/www.patientenbeteiligung.de\/nrw\/2025\/10\/13\/bericht-regionale-patientenforen-2025\/#primaryimage","url":"https:\/\/www.patientenbeteiligung.de\/nrw\/wp-content\/uploads\/sites\/12\/2025\/06\/IMG_20250520_121849-scaled.jpg","contentUrl":"https:\/\/www.patientenbeteiligung.de\/nrw\/wp-content\/uploads\/sites\/12\/2025\/06\/IMG_20250520_121849-scaled.jpg","width":2560,"height":1920,"caption":"Patientenforum K\u00f6ln, \u00a9 Patientenbeteiligung NRW 2025"},{"@type":"BreadcrumbList","@id":"https:\/\/www.patientenbeteiligung.de\/nrw\/2025\/10\/13\/bericht-regionale-patientenforen-2025\/#breadcrumb","itemListElement":[{"@type":"ListItem","position":1,"name":"Patientenbeteiligung","item":"https:\/\/www.patientenbeteiligung.de"},{"@type":"ListItem","position":2,"name":"Nordrhein-Westfalen","item":"https:\/\/www.patientenbeteiligung.de\/nrw\/"},{"@type":"ListItem","position":3,"name":"Bericht Regionale Patientenforen 2025"}]},{"@type":"WebSite","@id":"https:\/\/www.patientenbeteiligung.de\/nrw\/#website","url":"https:\/\/www.patientenbeteiligung.de\/nrw\/","name":"Patientenbeteiligung NRW","description":"","potentialAction":[{"@type":"SearchAction","target":{"@type":"EntryPoint","urlTemplate":"https:\/\/www.patientenbeteiligung.de\/nrw\/?s={search_term_string}"},"query-input":{"@type":"PropertyValueSpecification","valueRequired":true,"valueName":"search_term_string"}}],"inLanguage":"de"},{"@type":"Person","@id":"https:\/\/www.patientenbeteiligung.de\/nrw\/#\/schema\/person\/61a7e43b6e266673ab61b74c387974d1","name":"jankassner758","url":"https:\/\/www.patientenbeteiligung.de\/nrw\/author\/jankassner758\/"}]}},"_links":{"self":[{"href":"https:\/\/www.patientenbeteiligung.de\/nrw\/wp-json\/wp\/v2\/posts\/7007","targetHints":{"allow":["GET"]}}],"collection":[{"href":"https:\/\/www.patientenbeteiligung.de\/nrw\/wp-json\/wp\/v2\/posts"}],"about":[{"href":"https:\/\/www.patientenbeteiligung.de\/nrw\/wp-json\/wp\/v2\/types\/post"}],"author":[{"embeddable":true,"href":"https:\/\/www.patientenbeteiligung.de\/nrw\/wp-json\/wp\/v2\/users\/15"}],"replies":[{"embeddable":true,"href":"https:\/\/www.patientenbeteiligung.de\/nrw\/wp-json\/wp\/v2\/comments?post=7007"}],"version-history":[{"count":7,"href":"https:\/\/www.patientenbeteiligung.de\/nrw\/wp-json\/wp\/v2\/posts\/7007\/revisions"}],"predecessor-version":[{"id":7191,"href":"https:\/\/www.patientenbeteiligung.de\/nrw\/wp-json\/wp\/v2\/posts\/7007\/revisions\/7191"}],"wp:featuredmedia":[{"embeddable":true,"href":"https:\/\/www.patientenbeteiligung.de\/nrw\/wp-json\/wp\/v2\/media\/6754"}],"wp:attachment":[{"href":"https:\/\/www.patientenbeteiligung.de\/nrw\/wp-json\/wp\/v2\/media?parent=7007"}],"wp:term":[{"taxonomy":"category","embeddable":true,"href":"https:\/\/www.patientenbeteiligung.de\/nrw\/wp-json\/wp\/v2\/categories?post=7007"},{"taxonomy":"post_tag","embeddable":true,"href":"https:\/\/www.patientenbeteiligung.de\/nrw\/wp-json\/wp\/v2\/tags?post=7007"}],"curies":[{"name":"wp","href":"https:\/\/api.w.org\/{rel}","templated":true}]}}