{"id":5474,"date":"2024-08-14T12:34:48","date_gmt":"2024-08-14T10:34:48","guid":{"rendered":"https:\/\/www.patientenbeteiligung.de\/nw\/?p=5474"},"modified":"2026-01-18T11:11:22","modified_gmt":"2026-01-18T10:11:22","slug":"austausch-patientenvertretung-zulassungsausschuesse","status":"publish","type":"post","link":"https:\/\/www.patientenbeteiligung.de\/nrw\/2024\/08\/14\/austausch-patientenvertretung-zulassungsausschuesse\/","title":{"rendered":"Austausch Patientenvertretung Zulassungsaussch\u00fcsse"},"content":{"rendered":"\n<p>Am 13. August tauschten sich in Gelsenkirchen Patientenvertreter*innen aus den Zulassungsaussch\u00fcssen K\u00f6ln I+II, D\u00fcsseldorf I+II, Detmold und Arnsberg I \u00fcber die M\u00f6glichkeiten der Mitwirkung der Patientenvertretung in den Aussch\u00fcssen der Bedarfsplanung aus. Dabei stand der Erfahrungsaustausch sowie die Klarstellung von Rechtsgrundlagen im Mittelpunkt der Diskussionen. Zudem wurde er\u00f6rtert, wie im Rahmen der rechtlichen M\u00f6glichkeiten die Patientenorientierung bei Zulassungen sichergestellt werden kann.<\/p>\n<p>\u00a0<\/p>\n<p>Patientenvertreter*innen haben in den Zulassungssaussch\u00fcssen nach \u00a7140 f SGB V ein Mitberatungsrecht bei<\/p>\n<ul>\n<li>der ausnahmeweisen Besetzung zus\u00e4tzlicher Vertragsarztsitze<\/li>\n<li>der Befristung einer Zulassung<\/li>\n<li>der Erm\u00e4chtigung von \u00c4rzt*innen und Einrichtungen.<\/li>\n<\/ul>\n<p>\u00a0<\/p>\n\n\n\n<figure class=\"wp-block-image size-large\"><img decoding=\"async\" src=\"https:\/\/www.patientenbeteiligung.de\/nrw\/wp-content\/uploads\/sites\/12\/2024\/08\/IMG_20240813_114428-edited-scaled.jpg\" alt=\"\"\/><\/figure>\n","protected":false},"excerpt":{"rendered":"<p>Am 13. August tauschten sich in Gelsenkirchen Patientenvertreter*innen aus den Zulassungsaussch\u00fcssen K\u00f6ln I+II, D\u00fcsseldorf I+II, Detmold und Arnsberg I \u00fcber die M\u00f6glichkeiten der Mitwirkung der Patientenvertretung in den Aussch\u00fcssen der <a href=\"https:\/\/www.patientenbeteiligung.de\/nrw\/2024\/08\/14\/austausch-patientenvertretung-zulassungsausschuesse\/\">Weiter lesen<\/a><\/p>\n","protected":false},"author":15,"featured_media":0,"comment_status":"closed","ping_status":"open","sticky":false,"template":"","format":"standard","meta":{"_acf_changed":false,"footnotes":""},"categories":[11],"tags":[],"class_list":["post-5474","post","type-post","status-publish","format-standard","hentry","category-neuigkeiten"],"acf":[],"yoast_head":"<!-- This site is optimized with the Yoast SEO plugin v24.9 - https:\/\/yoast.com\/wordpress\/plugins\/seo\/ -->\n<title>Austausch Patientenvertretung Zulassungsaussch\u00fcsse - Patientenbeteiligung NRW<\/title>\n<meta name=\"robots\" content=\"index, follow, max-snippet:-1, max-image-preview:large, max-video-preview:-1\" \/>\n<link rel=\"canonical\" href=\"https:\/\/www.patientenbeteiligung.de\/nrw\/2024\/08\/14\/austausch-patientenvertretung-zulassungsausschuesse\/\" \/>\n<meta property=\"og:locale\" content=\"de_DE\" \/>\n<meta property=\"og:type\" content=\"article\" \/>\n<meta property=\"og:title\" content=\"Austausch Patientenvertretung Zulassungsaussch\u00fcsse - Patientenbeteiligung NRW\" \/>\n<meta property=\"og:description\" content=\"Am 13. August tauschten sich in Gelsenkirchen Patientenvertreter*innen aus den Zulassungsaussch\u00fcssen K\u00f6ln I+II, D\u00fcsseldorf I+II, Detmold und Arnsberg I \u00fcber die M\u00f6glichkeiten der Mitwirkung der Patientenvertretung in den Aussch\u00fcssen der Weiter lesen\" \/>\n<meta property=\"og:url\" content=\"https:\/\/www.patientenbeteiligung.de\/nrw\/2024\/08\/14\/austausch-patientenvertretung-zulassungsausschuesse\/\" \/>\n<meta property=\"og:site_name\" content=\"Patientenbeteiligung NRW\" \/>\n<meta property=\"article:published_time\" content=\"2024-08-14T10:34:48+00:00\" \/>\n<meta property=\"article:modified_time\" content=\"2026-01-18T10:11:22+00:00\" \/>\n<meta property=\"og:image\" content=\"https:\/\/www.patientenbeteiligung.de\/nrw\/wp-content\/uploads\/sites\/12\/2024\/08\/IMG_20240813_114428-edited-scaled.jpg\" \/>\n<meta name=\"author\" content=\"jankassner758\" \/>\n<meta name=\"twitter:card\" content=\"summary_large_image\" \/>\n<meta name=\"twitter:label1\" content=\"Verfasst von\" \/>\n\t<meta name=\"twitter:data1\" content=\"jankassner758\" \/>\n\t<meta name=\"twitter:label2\" content=\"Gesch\u00e4tzte Lesezeit\" \/>\n\t<meta name=\"twitter:data2\" content=\"1\u00a0Minute\" \/>\n<script type=\"application\/ld+json\" class=\"yoast-schema-graph\">{\"@context\":\"https:\/\/schema.org\",\"@graph\":[{\"@type\":\"WebPage\",\"@id\":\"https:\/\/www.patientenbeteiligung.de\/nrw\/2024\/08\/14\/austausch-patientenvertretung-zulassungsausschuesse\/\",\"url\":\"https:\/\/www.patientenbeteiligung.de\/nrw\/2024\/08\/14\/austausch-patientenvertretung-zulassungsausschuesse\/\",\"name\":\"Austausch Patientenvertretung Zulassungsaussch\u00fcsse - Patientenbeteiligung NRW\",\"isPartOf\":{\"@id\":\"https:\/\/www.patientenbeteiligung.de\/nrw\/#website\"},\"primaryImageOfPage\":{\"@id\":\"https:\/\/www.patientenbeteiligung.de\/nrw\/2024\/08\/14\/austausch-patientenvertretung-zulassungsausschuesse\/#primaryimage\"},\"image\":{\"@id\":\"https:\/\/www.patientenbeteiligung.de\/nrw\/2024\/08\/14\/austausch-patientenvertretung-zulassungsausschuesse\/#primaryimage\"},\"thumbnailUrl\":\"https:\/\/www.patientenbeteiligung.de\/nrw\/wp-content\/uploads\/sites\/12\/2024\/08\/IMG_20240813_114428-edited-scaled.jpg\",\"datePublished\":\"2024-08-14T10:34:48+00:00\",\"dateModified\":\"2026-01-18T10:11:22+00:00\",\"author\":{\"@id\":\"https:\/\/www.patientenbeteiligung.de\/nrw\/#\/schema\/person\/61a7e43b6e266673ab61b74c387974d1\"},\"breadcrumb\":{\"@id\":\"https:\/\/www.patientenbeteiligung.de\/nrw\/2024\/08\/14\/austausch-patientenvertretung-zulassungsausschuesse\/#breadcrumb\"},\"inLanguage\":\"de\",\"potentialAction\":[{\"@type\":\"ReadAction\",\"target\":[\"https:\/\/www.patientenbeteiligung.de\/nrw\/2024\/08\/14\/austausch-patientenvertretung-zulassungsausschuesse\/\"]}]},{\"@type\":\"ImageObject\",\"inLanguage\":\"de\",\"@id\":\"https:\/\/www.patientenbeteiligung.de\/nrw\/2024\/08\/14\/austausch-patientenvertretung-zulassungsausschuesse\/#primaryimage\",\"url\":\"https:\/\/www.patientenbeteiligung.de\/nrw\/wp-content\/uploads\/sites\/12\/2024\/08\/IMG_20240813_114428-edited-scaled.jpg\",\"contentUrl\":\"https:\/\/www.patientenbeteiligung.de\/nrw\/wp-content\/uploads\/sites\/12\/2024\/08\/IMG_20240813_114428-edited-scaled.jpg\"},{\"@type\":\"BreadcrumbList\",\"@id\":\"https:\/\/www.patientenbeteiligung.de\/nrw\/2024\/08\/14\/austausch-patientenvertretung-zulassungsausschuesse\/#breadcrumb\",\"itemListElement\":[{\"@type\":\"ListItem\",\"position\":1,\"name\":\"Patientenbeteiligung\",\"item\":\"https:\/\/www.patientenbeteiligung.de\"},{\"@type\":\"ListItem\",\"position\":2,\"name\":\"Nordrhein-Westfalen\",\"item\":\"https:\/\/www.patientenbeteiligung.de\/nrw\/\"},{\"@type\":\"ListItem\",\"position\":3,\"name\":\"Austausch Patientenvertretung Zulassungsaussch\u00fcsse\"}]},{\"@type\":\"WebSite\",\"@id\":\"https:\/\/www.patientenbeteiligung.de\/nrw\/#website\",\"url\":\"https:\/\/www.patientenbeteiligung.de\/nrw\/\",\"name\":\"Patientenbeteiligung NRW\",\"description\":\"\",\"potentialAction\":[{\"@type\":\"SearchAction\",\"target\":{\"@type\":\"EntryPoint\",\"urlTemplate\":\"https:\/\/www.patientenbeteiligung.de\/nrw\/?s={search_term_string}\"},\"query-input\":{\"@type\":\"PropertyValueSpecification\",\"valueRequired\":true,\"valueName\":\"search_term_string\"}}],\"inLanguage\":\"de\"},{\"@type\":\"Person\",\"@id\":\"https:\/\/www.patientenbeteiligung.de\/nrw\/#\/schema\/person\/61a7e43b6e266673ab61b74c387974d1\",\"name\":\"jankassner758\",\"url\":\"https:\/\/www.patientenbeteiligung.de\/nrw\/author\/jankassner758\/\"}]}<\/script>\n<!-- \/ Yoast SEO plugin. -->","yoast_head_json":{"title":"Austausch Patientenvertretung Zulassungsaussch\u00fcsse - Patientenbeteiligung NRW","robots":{"index":"index","follow":"follow","max-snippet":"max-snippet:-1","max-image-preview":"max-image-preview:large","max-video-preview":"max-video-preview:-1"},"canonical":"https:\/\/www.patientenbeteiligung.de\/nrw\/2024\/08\/14\/austausch-patientenvertretung-zulassungsausschuesse\/","og_locale":"de_DE","og_type":"article","og_title":"Austausch Patientenvertretung Zulassungsaussch\u00fcsse - Patientenbeteiligung NRW","og_description":"Am 13. August tauschten sich in Gelsenkirchen Patientenvertreter*innen aus den Zulassungsaussch\u00fcssen K\u00f6ln I+II, D\u00fcsseldorf I+II, Detmold und Arnsberg I \u00fcber die M\u00f6glichkeiten der Mitwirkung der Patientenvertretung in den Aussch\u00fcssen der Weiter lesen","og_url":"https:\/\/www.patientenbeteiligung.de\/nrw\/2024\/08\/14\/austausch-patientenvertretung-zulassungsausschuesse\/","og_site_name":"Patientenbeteiligung NRW","article_published_time":"2024-08-14T10:34:48+00:00","article_modified_time":"2026-01-18T10:11:22+00:00","og_image":[{"url":"https:\/\/www.patientenbeteiligung.de\/nrw\/wp-content\/uploads\/sites\/12\/2024\/08\/IMG_20240813_114428-edited-scaled.jpg","type":"","width":"","height":""}],"author":"jankassner758","twitter_card":"summary_large_image","twitter_misc":{"Verfasst von":"jankassner758","Gesch\u00e4tzte Lesezeit":"1\u00a0Minute"},"schema":{"@context":"https:\/\/schema.org","@graph":[{"@type":"WebPage","@id":"https:\/\/www.patientenbeteiligung.de\/nrw\/2024\/08\/14\/austausch-patientenvertretung-zulassungsausschuesse\/","url":"https:\/\/www.patientenbeteiligung.de\/nrw\/2024\/08\/14\/austausch-patientenvertretung-zulassungsausschuesse\/","name":"Austausch Patientenvertretung Zulassungsaussch\u00fcsse - Patientenbeteiligung NRW","isPartOf":{"@id":"https:\/\/www.patientenbeteiligung.de\/nrw\/#website"},"primaryImageOfPage":{"@id":"https:\/\/www.patientenbeteiligung.de\/nrw\/2024\/08\/14\/austausch-patientenvertretung-zulassungsausschuesse\/#primaryimage"},"image":{"@id":"https:\/\/www.patientenbeteiligung.de\/nrw\/2024\/08\/14\/austausch-patientenvertretung-zulassungsausschuesse\/#primaryimage"},"thumbnailUrl":"https:\/\/www.patientenbeteiligung.de\/nrw\/wp-content\/uploads\/sites\/12\/2024\/08\/IMG_20240813_114428-edited-scaled.jpg","datePublished":"2024-08-14T10:34:48+00:00","dateModified":"2026-01-18T10:11:22+00:00","author":{"@id":"https:\/\/www.patientenbeteiligung.de\/nrw\/#\/schema\/person\/61a7e43b6e266673ab61b74c387974d1"},"breadcrumb":{"@id":"https:\/\/www.patientenbeteiligung.de\/nrw\/2024\/08\/14\/austausch-patientenvertretung-zulassungsausschuesse\/#breadcrumb"},"inLanguage":"de","potentialAction":[{"@type":"ReadAction","target":["https:\/\/www.patientenbeteiligung.de\/nrw\/2024\/08\/14\/austausch-patientenvertretung-zulassungsausschuesse\/"]}]},{"@type":"ImageObject","inLanguage":"de","@id":"https:\/\/www.patientenbeteiligung.de\/nrw\/2024\/08\/14\/austausch-patientenvertretung-zulassungsausschuesse\/#primaryimage","url":"https:\/\/www.patientenbeteiligung.de\/nrw\/wp-content\/uploads\/sites\/12\/2024\/08\/IMG_20240813_114428-edited-scaled.jpg","contentUrl":"https:\/\/www.patientenbeteiligung.de\/nrw\/wp-content\/uploads\/sites\/12\/2024\/08\/IMG_20240813_114428-edited-scaled.jpg"},{"@type":"BreadcrumbList","@id":"https:\/\/www.patientenbeteiligung.de\/nrw\/2024\/08\/14\/austausch-patientenvertretung-zulassungsausschuesse\/#breadcrumb","itemListElement":[{"@type":"ListItem","position":1,"name":"Patientenbeteiligung","item":"https:\/\/www.patientenbeteiligung.de"},{"@type":"ListItem","position":2,"name":"Nordrhein-Westfalen","item":"https:\/\/www.patientenbeteiligung.de\/nrw\/"},{"@type":"ListItem","position":3,"name":"Austausch Patientenvertretung Zulassungsaussch\u00fcsse"}]},{"@type":"WebSite","@id":"https:\/\/www.patientenbeteiligung.de\/nrw\/#website","url":"https:\/\/www.patientenbeteiligung.de\/nrw\/","name":"Patientenbeteiligung NRW","description":"","potentialAction":[{"@type":"SearchAction","target":{"@type":"EntryPoint","urlTemplate":"https:\/\/www.patientenbeteiligung.de\/nrw\/?s={search_term_string}"},"query-input":{"@type":"PropertyValueSpecification","valueRequired":true,"valueName":"search_term_string"}}],"inLanguage":"de"},{"@type":"Person","@id":"https:\/\/www.patientenbeteiligung.de\/nrw\/#\/schema\/person\/61a7e43b6e266673ab61b74c387974d1","name":"jankassner758","url":"https:\/\/www.patientenbeteiligung.de\/nrw\/author\/jankassner758\/"}]}},"_links":{"self":[{"href":"https:\/\/www.patientenbeteiligung.de\/nrw\/wp-json\/wp\/v2\/posts\/5474","targetHints":{"allow":["GET"]}}],"collection":[{"href":"https:\/\/www.patientenbeteiligung.de\/nrw\/wp-json\/wp\/v2\/posts"}],"about":[{"href":"https:\/\/www.patientenbeteiligung.de\/nrw\/wp-json\/wp\/v2\/types\/post"}],"author":[{"embeddable":true,"href":"https:\/\/www.patientenbeteiligung.de\/nrw\/wp-json\/wp\/v2\/users\/15"}],"replies":[{"embeddable":true,"href":"https:\/\/www.patientenbeteiligung.de\/nrw\/wp-json\/wp\/v2\/comments?post=5474"}],"version-history":[{"count":1,"href":"https:\/\/www.patientenbeteiligung.de\/nrw\/wp-json\/wp\/v2\/posts\/5474\/revisions"}],"predecessor-version":[{"id":7297,"href":"https:\/\/www.patientenbeteiligung.de\/nrw\/wp-json\/wp\/v2\/posts\/5474\/revisions\/7297"}],"wp:attachment":[{"href":"https:\/\/www.patientenbeteiligung.de\/nrw\/wp-json\/wp\/v2\/media?parent=5474"}],"wp:term":[{"taxonomy":"category","embeddable":true,"href":"https:\/\/www.patientenbeteiligung.de\/nrw\/wp-json\/wp\/v2\/categories?post=5474"},{"taxonomy":"post_tag","embeddable":true,"href":"https:\/\/www.patientenbeteiligung.de\/nrw\/wp-json\/wp\/v2\/tags?post=5474"}],"curies":[{"name":"wp","href":"https:\/\/api.w.org\/{rel}","templated":true}]}}