{"id":5328,"date":"2024-03-11T10:11:17","date_gmt":"2024-03-11T09:11:17","guid":{"rendered":"https:\/\/www.patientenbeteiligung.de\/nw\/?p=5326"},"modified":"2024-03-11T10:11:17","modified_gmt":"2024-03-11T09:11:17","slug":"kongress-gesundheit-und-armut","status":"publish","type":"post","link":"https:\/\/www.patientenbeteiligung.de\/nrw\/2024\/03\/11\/kongress-gesundheit-und-armut\/","title":{"rendered":"Teilnahme am Kongress Armut und Gesundheit"},"content":{"rendered":"\r\n<p>Anfang M\u00e4rz fand in Berlin der <em>Kongress Armut und Gesundheit<\/em> statt, der von <em>Gesundheit Berlin-Brandenburg<\/em> j\u00e4hrlich organisiert wird. Die Koordinierungs- und Vernetzungsstelle der Patientenbeteiligung NRW war auf dem Kongress vertreten, um sich mit anderen Akteuren \u00fcber das diesj\u00e4hrige Schwerpunktthema &#8220;Sozial gerecht: Gesundheit &#8211; Umwelt &#8211; Klima&#8221; auszutauschen. Insbesondere die Panels zur Gesundheitsversorgung von Unversicherten, Wohnungslosen und Migrant*innen lieferten wichtige Erkenntnisse und Impulse f\u00fcr gemeinsame Projekte mit anderen Akteuren, die in die zuk\u00fcnftige Arbeit der Koordinierungsstelle mit einflie\u00dfen werden.<\/p>\r\n\r\n\r\n\r\n<figure class=\"wp-block-image size-large\"><img decoding=\"async\" src=\"https:\/\/www.patientenbeteiligung.de\/nrw\/wp-content\/uploads\/sites\/12\/2024\/03\/IMG_20240306_093628-1024x768.jpg\" alt=\"\" class=\"wp-image-5327\" \/><figcaption class=\"wp-element-caption\">Tagungsort: Henry-Ford-Bau Berlin<\/figcaption><\/figure>\r\n","protected":false},"excerpt":{"rendered":"<p>Anfang M\u00e4rz fand in Berlin der Kongress Armut und Gesundheit statt, der von Gesundheit Berlin-Brandenburg j\u00e4hrlich organisiert wird. Die Koordinierungs- und Vernetzungsstelle der Patientenbeteiligung NRW war auf dem Kongress vertreten, <a href=\"https:\/\/www.patientenbeteiligung.de\/nrw\/2024\/03\/11\/kongress-gesundheit-und-armut\/\">Weiter lesen<\/a><\/p>\n","protected":false},"author":15,"featured_media":0,"comment_status":"closed","ping_status":"open","sticky":false,"template":"","format":"standard","meta":{"_acf_changed":false,"footnotes":""},"categories":[11],"tags":[],"class_list":["post-5328","post","type-post","status-publish","format-standard","hentry","category-neuigkeiten"],"acf":[],"yoast_head":"<!-- This site is optimized with the Yoast SEO plugin v24.9 - https:\/\/yoast.com\/wordpress\/plugins\/seo\/ -->\n<title>Teilnahme am Kongress Armut und Gesundheit - Patientenbeteiligung NRW<\/title>\n<meta name=\"robots\" content=\"index, follow, max-snippet:-1, max-image-preview:large, max-video-preview:-1\" \/>\n<link rel=\"canonical\" href=\"https:\/\/www.patientenbeteiligung.de\/nrw\/2024\/03\/11\/kongress-gesundheit-und-armut\/\" \/>\n<meta property=\"og:locale\" content=\"de_DE\" \/>\n<meta property=\"og:type\" content=\"article\" \/>\n<meta property=\"og:title\" content=\"Teilnahme am Kongress Armut und Gesundheit - Patientenbeteiligung NRW\" \/>\n<meta property=\"og:description\" content=\"Anfang M\u00e4rz fand in Berlin der Kongress Armut und Gesundheit statt, der von Gesundheit Berlin-Brandenburg j\u00e4hrlich organisiert wird. Die Koordinierungs- und Vernetzungsstelle der Patientenbeteiligung NRW war auf dem Kongress vertreten, Weiter lesen\" \/>\n<meta property=\"og:url\" content=\"https:\/\/www.patientenbeteiligung.de\/nrw\/2024\/03\/11\/kongress-gesundheit-und-armut\/\" \/>\n<meta property=\"og:site_name\" content=\"Patientenbeteiligung NRW\" \/>\n<meta property=\"article:published_time\" content=\"2024-03-11T09:11:17+00:00\" \/>\n<meta property=\"og:image\" content=\"https:\/\/www.patientenbeteiligung.de\/nw\/wp-content\/uploads\/sites\/4\/2024\/03\/IMG_20240306_093628-1024x768.jpg\" \/>\n<meta name=\"author\" content=\"jankassner758\" \/>\n<meta name=\"twitter:card\" content=\"summary_large_image\" \/>\n<meta name=\"twitter:label1\" content=\"Verfasst von\" \/>\n\t<meta name=\"twitter:data1\" content=\"jankassner758\" \/>\n\t<meta name=\"twitter:label2\" content=\"Gesch\u00e4tzte Lesezeit\" \/>\n\t<meta name=\"twitter:data2\" content=\"1\u00a0Minute\" \/>\n<script type=\"application\/ld+json\" class=\"yoast-schema-graph\">{\"@context\":\"https:\/\/schema.org\",\"@graph\":[{\"@type\":\"WebPage\",\"@id\":\"https:\/\/www.patientenbeteiligung.de\/nrw\/2024\/03\/11\/kongress-gesundheit-und-armut\/\",\"url\":\"https:\/\/www.patientenbeteiligung.de\/nrw\/2024\/03\/11\/kongress-gesundheit-und-armut\/\",\"name\":\"Teilnahme am Kongress Armut und Gesundheit - Patientenbeteiligung NRW\",\"isPartOf\":{\"@id\":\"https:\/\/www.patientenbeteiligung.de\/nrw\/#website\"},\"primaryImageOfPage\":{\"@id\":\"https:\/\/www.patientenbeteiligung.de\/nrw\/2024\/03\/11\/kongress-gesundheit-und-armut\/#primaryimage\"},\"image\":{\"@id\":\"https:\/\/www.patientenbeteiligung.de\/nrw\/2024\/03\/11\/kongress-gesundheit-und-armut\/#primaryimage\"},\"thumbnailUrl\":\"https:\/\/www.patientenbeteiligung.de\/nrw\/wp-content\/uploads\/sites\/12\/2024\/03\/IMG_20240306_093628-1024x768.jpg\",\"datePublished\":\"2024-03-11T09:11:17+00:00\",\"author\":{\"@id\":\"https:\/\/www.patientenbeteiligung.de\/nrw\/#\/schema\/person\/61a7e43b6e266673ab61b74c387974d1\"},\"breadcrumb\":{\"@id\":\"https:\/\/www.patientenbeteiligung.de\/nrw\/2024\/03\/11\/kongress-gesundheit-und-armut\/#breadcrumb\"},\"inLanguage\":\"de\",\"potentialAction\":[{\"@type\":\"ReadAction\",\"target\":[\"https:\/\/www.patientenbeteiligung.de\/nrw\/2024\/03\/11\/kongress-gesundheit-und-armut\/\"]}]},{\"@type\":\"ImageObject\",\"inLanguage\":\"de\",\"@id\":\"https:\/\/www.patientenbeteiligung.de\/nrw\/2024\/03\/11\/kongress-gesundheit-und-armut\/#primaryimage\",\"url\":\"https:\/\/www.patientenbeteiligung.de\/nrw\/wp-content\/uploads\/sites\/12\/2024\/03\/IMG_20240306_093628-1024x768.jpg\",\"contentUrl\":\"https:\/\/www.patientenbeteiligung.de\/nrw\/wp-content\/uploads\/sites\/12\/2024\/03\/IMG_20240306_093628-1024x768.jpg\"},{\"@type\":\"BreadcrumbList\",\"@id\":\"https:\/\/www.patientenbeteiligung.de\/nrw\/2024\/03\/11\/kongress-gesundheit-und-armut\/#breadcrumb\",\"itemListElement\":[{\"@type\":\"ListItem\",\"position\":1,\"name\":\"Patientenbeteiligung\",\"item\":\"https:\/\/www.patientenbeteiligung.de\"},{\"@type\":\"ListItem\",\"position\":2,\"name\":\"Nordrhein-Westfalen\",\"item\":\"https:\/\/www.patientenbeteiligung.de\/nrw\/\"},{\"@type\":\"ListItem\",\"position\":3,\"name\":\"Teilnahme am Kongress Armut und Gesundheit\"}]},{\"@type\":\"WebSite\",\"@id\":\"https:\/\/www.patientenbeteiligung.de\/nrw\/#website\",\"url\":\"https:\/\/www.patientenbeteiligung.de\/nrw\/\",\"name\":\"Patientenbeteiligung NRW\",\"description\":\"\",\"potentialAction\":[{\"@type\":\"SearchAction\",\"target\":{\"@type\":\"EntryPoint\",\"urlTemplate\":\"https:\/\/www.patientenbeteiligung.de\/nrw\/?s={search_term_string}\"},\"query-input\":{\"@type\":\"PropertyValueSpecification\",\"valueRequired\":true,\"valueName\":\"search_term_string\"}}],\"inLanguage\":\"de\"},{\"@type\":\"Person\",\"@id\":\"https:\/\/www.patientenbeteiligung.de\/nrw\/#\/schema\/person\/61a7e43b6e266673ab61b74c387974d1\",\"name\":\"jankassner758\",\"url\":\"https:\/\/www.patientenbeteiligung.de\/nrw\/author\/jankassner758\/\"}]}<\/script>\n<!-- \/ Yoast SEO plugin. -->","yoast_head_json":{"title":"Teilnahme am Kongress Armut und Gesundheit - Patientenbeteiligung NRW","robots":{"index":"index","follow":"follow","max-snippet":"max-snippet:-1","max-image-preview":"max-image-preview:large","max-video-preview":"max-video-preview:-1"},"canonical":"https:\/\/www.patientenbeteiligung.de\/nrw\/2024\/03\/11\/kongress-gesundheit-und-armut\/","og_locale":"de_DE","og_type":"article","og_title":"Teilnahme am Kongress Armut und Gesundheit - Patientenbeteiligung NRW","og_description":"Anfang M\u00e4rz fand in Berlin der Kongress Armut und Gesundheit statt, der von Gesundheit Berlin-Brandenburg j\u00e4hrlich organisiert wird. Die Koordinierungs- und Vernetzungsstelle der Patientenbeteiligung NRW war auf dem Kongress vertreten, Weiter lesen","og_url":"https:\/\/www.patientenbeteiligung.de\/nrw\/2024\/03\/11\/kongress-gesundheit-und-armut\/","og_site_name":"Patientenbeteiligung NRW","article_published_time":"2024-03-11T09:11:17+00:00","og_image":[{"url":"https:\/\/www.patientenbeteiligung.de\/nw\/wp-content\/uploads\/sites\/4\/2024\/03\/IMG_20240306_093628-1024x768.jpg","type":"","width":"","height":""}],"author":"jankassner758","twitter_card":"summary_large_image","twitter_misc":{"Verfasst von":"jankassner758","Gesch\u00e4tzte Lesezeit":"1\u00a0Minute"},"schema":{"@context":"https:\/\/schema.org","@graph":[{"@type":"WebPage","@id":"https:\/\/www.patientenbeteiligung.de\/nrw\/2024\/03\/11\/kongress-gesundheit-und-armut\/","url":"https:\/\/www.patientenbeteiligung.de\/nrw\/2024\/03\/11\/kongress-gesundheit-und-armut\/","name":"Teilnahme am Kongress Armut und Gesundheit - Patientenbeteiligung NRW","isPartOf":{"@id":"https:\/\/www.patientenbeteiligung.de\/nrw\/#website"},"primaryImageOfPage":{"@id":"https:\/\/www.patientenbeteiligung.de\/nrw\/2024\/03\/11\/kongress-gesundheit-und-armut\/#primaryimage"},"image":{"@id":"https:\/\/www.patientenbeteiligung.de\/nrw\/2024\/03\/11\/kongress-gesundheit-und-armut\/#primaryimage"},"thumbnailUrl":"https:\/\/www.patientenbeteiligung.de\/nrw\/wp-content\/uploads\/sites\/12\/2024\/03\/IMG_20240306_093628-1024x768.jpg","datePublished":"2024-03-11T09:11:17+00:00","author":{"@id":"https:\/\/www.patientenbeteiligung.de\/nrw\/#\/schema\/person\/61a7e43b6e266673ab61b74c387974d1"},"breadcrumb":{"@id":"https:\/\/www.patientenbeteiligung.de\/nrw\/2024\/03\/11\/kongress-gesundheit-und-armut\/#breadcrumb"},"inLanguage":"de","potentialAction":[{"@type":"ReadAction","target":["https:\/\/www.patientenbeteiligung.de\/nrw\/2024\/03\/11\/kongress-gesundheit-und-armut\/"]}]},{"@type":"ImageObject","inLanguage":"de","@id":"https:\/\/www.patientenbeteiligung.de\/nrw\/2024\/03\/11\/kongress-gesundheit-und-armut\/#primaryimage","url":"https:\/\/www.patientenbeteiligung.de\/nrw\/wp-content\/uploads\/sites\/12\/2024\/03\/IMG_20240306_093628-1024x768.jpg","contentUrl":"https:\/\/www.patientenbeteiligung.de\/nrw\/wp-content\/uploads\/sites\/12\/2024\/03\/IMG_20240306_093628-1024x768.jpg"},{"@type":"BreadcrumbList","@id":"https:\/\/www.patientenbeteiligung.de\/nrw\/2024\/03\/11\/kongress-gesundheit-und-armut\/#breadcrumb","itemListElement":[{"@type":"ListItem","position":1,"name":"Patientenbeteiligung","item":"https:\/\/www.patientenbeteiligung.de"},{"@type":"ListItem","position":2,"name":"Nordrhein-Westfalen","item":"https:\/\/www.patientenbeteiligung.de\/nrw\/"},{"@type":"ListItem","position":3,"name":"Teilnahme am Kongress Armut und Gesundheit"}]},{"@type":"WebSite","@id":"https:\/\/www.patientenbeteiligung.de\/nrw\/#website","url":"https:\/\/www.patientenbeteiligung.de\/nrw\/","name":"Patientenbeteiligung NRW","description":"","potentialAction":[{"@type":"SearchAction","target":{"@type":"EntryPoint","urlTemplate":"https:\/\/www.patientenbeteiligung.de\/nrw\/?s={search_term_string}"},"query-input":{"@type":"PropertyValueSpecification","valueRequired":true,"valueName":"search_term_string"}}],"inLanguage":"de"},{"@type":"Person","@id":"https:\/\/www.patientenbeteiligung.de\/nrw\/#\/schema\/person\/61a7e43b6e266673ab61b74c387974d1","name":"jankassner758","url":"https:\/\/www.patientenbeteiligung.de\/nrw\/author\/jankassner758\/"}]}},"_links":{"self":[{"href":"https:\/\/www.patientenbeteiligung.de\/nrw\/wp-json\/wp\/v2\/posts\/5328","targetHints":{"allow":["GET"]}}],"collection":[{"href":"https:\/\/www.patientenbeteiligung.de\/nrw\/wp-json\/wp\/v2\/posts"}],"about":[{"href":"https:\/\/www.patientenbeteiligung.de\/nrw\/wp-json\/wp\/v2\/types\/post"}],"author":[{"embeddable":true,"href":"https:\/\/www.patientenbeteiligung.de\/nrw\/wp-json\/wp\/v2\/users\/15"}],"replies":[{"embeddable":true,"href":"https:\/\/www.patientenbeteiligung.de\/nrw\/wp-json\/wp\/v2\/comments?post=5328"}],"version-history":[{"count":0,"href":"https:\/\/www.patientenbeteiligung.de\/nrw\/wp-json\/wp\/v2\/posts\/5328\/revisions"}],"wp:attachment":[{"href":"https:\/\/www.patientenbeteiligung.de\/nrw\/wp-json\/wp\/v2\/media?parent=5328"}],"wp:term":[{"taxonomy":"category","embeddable":true,"href":"https:\/\/www.patientenbeteiligung.de\/nrw\/wp-json\/wp\/v2\/categories?post=5328"},{"taxonomy":"post_tag","embeddable":true,"href":"https:\/\/www.patientenbeteiligung.de\/nrw\/wp-json\/wp\/v2\/tags?post=5328"}],"curies":[{"name":"wp","href":"https:\/\/api.w.org\/{rel}","templated":true}]}}