{"id":5323,"date":"2022-07-13T08:37:11","date_gmt":"2022-07-13T06:37:11","guid":{"rendered":"https:\/\/www.patientenbeteiligung.de\/nw\/?p=4487"},"modified":"2022-07-13T08:37:11","modified_gmt":"2022-07-13T06:37:11","slug":"wie-patientenorientiert-ist-kommunale-gesundheitspolitik-themen-vernetzung-und-strategien-in-kommunalen-gesundheitskonferenzen-2","status":"publish","type":"post","link":"https:\/\/www.patientenbeteiligung.de\/nrw\/2022\/07\/13\/wie-patientenorientiert-ist-kommunale-gesundheitspolitik-themen-vernetzung-und-strategien-in-kommunalen-gesundheitskonferenzen-2\/","title":{"rendered":"<strong>Wie patientenorientiert ist kommunale Gesundheitspolitik? Themen, Vernetzung und Strategien in kommunalen Gesundheitskonferenzen<\/strong>"},"content":{"rendered":"\n<p>Im Rahmen des Projektes <em>Koordinierung und Vernetzung der Patientenbeteiligung NRW<\/em> m\u00f6chten wir<\/p>\n\n\n\n<ul class=\"wp-block-list\"><li>Senioren*Innen-Vertreter*Innen,<\/li><li>Personen aus der Behinderten- und Gesundheitsselbsthilfe,<\/li><li>Personen, die sich um die Pr\u00e4vention bzw. um den Patientenschutz und<\/li><li>Personen, die sich aus Sicht der Nutzer*innen des Gesundheitswesens in kommunalen Gesundheitskonferenzen oder in Konferenzen f\u00fcr Alter und Pflege einsetzen<\/li><\/ul>\n\n\n\n<p><\/p>\n\n\n\n<p>zu unseren <strong>Regionalkonferenzen in den Regierungsbezirken<\/strong> einladen. <strong>Ziel<\/strong> ist es, relevante und aktuelle <strong>Themen<\/strong> aus der <strong>Gesundheitspolitik <\/strong>aufzugreifen und ihre Bedeutung f\u00fcr die kommunale Arbeit zu diskutieren, den <strong>Austausch \u00fcber die Arbeit in den Gesundheitskonferenzen und den Konferenzen Alter und Pflege<\/strong> zu erm\u00f6glichen, <strong>interkommunal miteinander in Kontakt zu treten <\/strong>und<strong> Ihre Fragen <\/strong>rund um Patientenvertretung und kommunaler Gesundheitspolitik gemeinsam zu beantworten.<\/p>\n\n\n\n<p>Stattfinden werden die Regionalkonferenzen an folgenden <strong>Terminen<\/strong>:<\/p>\n\n\n\n<ul class=\"wp-block-list\"><li>11. August f\u00fcr den Regierungsbezirk D\u00fcsseldorf im B\u00fcrgerhaus Bilk (D\u00fcsseldorf)<\/li><li>15. August f\u00fcr den Regierungsbezirk M\u00fcnster im Franz-Hitze Haus (M\u00fcnster)<\/li><li>23. August f\u00fcr den Regierungsbezirk K\u00f6ln im Kolpinghaus (K\u00f6ln)<\/li><li>02. September f\u00fcr den Regierungsbezirk Arnsberg im Reinoldinum (Dortmund)<\/li><li>22. September f\u00fcr den Regierungsbezirk Detmold im Bielefelder Rathaus (Bielefeld)<\/li><\/ul>\n\n\n\n<p><\/p>\n\n\n\n<p>Das Programm f\u00fcr die jeweiligen Konferenzen ist von 10:00 Uhr bis 15:30 terminiert.<\/p>\n\n\n\n<p>Anmeldungen sind \u00fcber folgenden Link m\u00f6glich:<\/p>\n\n\n\n<figure class=\"wp-block-embed is-type-wp-embed is-provider-nordrhein-westfalen wp-block-embed-nordrhein-westfalen\"><div class=\"wp-block-embed__wrapper\">\n<blockquote hcb-fetch-image-from=\"https:\/\/www.patientenbeteiligung.de\/nw\/anmeldung-regionalkonferenzen\/\" class=\"wp-embedded-content\" data-secret=\"hvegqRaA5y\"><a href=\"https:\/\/www.patientenbeteiligung.de\/nw\/anmeldung-regionalkonferenzen\/\">Anmeldung Regionalkonferenzen<\/a><\/blockquote><iframe loading=\"lazy\" class=\"wp-embedded-content\" sandbox=\"allow-scripts\" security=\"restricted\" style=\"position: absolute; visibility: hidden;\" title=\"&#8222;Anmeldung Regionalkonferenzen&#8220; &#8212; Nordrhein-Westfalen\" src=\"https:\/\/www.patientenbeteiligung.de\/nw\/anmeldung-regionalkonferenzen\/embed\/#?secret=aJGtTpHIsL#?secret=hvegqRaA5y\" data-secret=\"hvegqRaA5y\" width=\"500\" height=\"282\" frameborder=\"0\" marginwidth=\"0\" marginheight=\"0\" scrolling=\"no\"><\/iframe>\n<\/div><\/figure>\n\n\n\n<p>Nach M\u00f6glichkeit sollten die Anmeldungen f\u00fcr die Regionalkonferenzen erfolgen, in deren Regierungsbezirke Sie sich engagieren. Sollten Sie diesen Termin nicht wahrnehmen k\u00f6nnen, freuen wir uns auch \u00fcber Anmeldungen f\u00fcr einen der anderen Veranstaltungstage. Nach der Anmeldung erhalten Sie zeitnah weitere Informationen zur Veranstaltung, u.a. zur Anfahrt und zu M\u00f6glichkeiten der Reisekostenerstattung. Die Einladung wird \u00fcber mehrere Verteiler gestreut. Sollten Sie ggf. mehrere Einladungen erhalten haben, bitten wir dies zu entschuldigen.<\/p>\n\n\n\n<p>Wir freuen uns auf Ihre Teilnahme!<\/p>\n\n\n\n<p><\/p>\n","protected":false},"excerpt":{"rendered":"<p>Im Rahmen des Projektes Koordinierung und Vernetzung der Patientenbeteiligung NRW m\u00f6chten wir Senioren*Innen-Vertreter*Innen, Personen aus der Behinderten- und Gesundheitsselbsthilfe, Personen, die sich um die Pr\u00e4vention bzw. um den Patientenschutz und <a href=\"https:\/\/www.patientenbeteiligung.de\/nrw\/2022\/07\/13\/wie-patientenorientiert-ist-kommunale-gesundheitspolitik-themen-vernetzung-und-strategien-in-kommunalen-gesundheitskonferenzen-2\/\">Weiter lesen<\/a><\/p>\n","protected":false},"author":15,"featured_media":0,"comment_status":"closed","ping_status":"open","sticky":false,"template":"","format":"standard","meta":{"_acf_changed":false,"footnotes":""},"categories":[11],"tags":[],"class_list":["post-5323","post","type-post","status-publish","format-standard","hentry","category-neuigkeiten"],"acf":[],"yoast_head":"<!-- This site is optimized with the Yoast SEO plugin v24.9 - https:\/\/yoast.com\/wordpress\/plugins\/seo\/ -->\n<title>Wie patientenorientiert ist kommunale Gesundheitspolitik? Themen, Vernetzung und Strategien in kommunalen Gesundheitskonferenzen - Patientenbeteiligung NRW<\/title>\n<meta name=\"robots\" content=\"index, follow, max-snippet:-1, max-image-preview:large, max-video-preview:-1\" \/>\n<link rel=\"canonical\" href=\"https:\/\/www.patientenbeteiligung.de\/nrw\/2022\/07\/13\/wie-patientenorientiert-ist-kommunale-gesundheitspolitik-themen-vernetzung-und-strategien-in-kommunalen-gesundheitskonferenzen-2\/\" \/>\n<meta property=\"og:locale\" content=\"de_DE\" \/>\n<meta property=\"og:type\" content=\"article\" \/>\n<meta property=\"og:title\" content=\"Wie patientenorientiert ist kommunale Gesundheitspolitik? Themen, Vernetzung und Strategien in kommunalen Gesundheitskonferenzen - Patientenbeteiligung NRW\" \/>\n<meta property=\"og:description\" content=\"Im Rahmen des Projektes Koordinierung und Vernetzung der Patientenbeteiligung NRW m\u00f6chten wir Senioren*Innen-Vertreter*Innen, Personen aus der Behinderten- und Gesundheitsselbsthilfe, Personen, die sich um die Pr\u00e4vention bzw. um den Patientenschutz und Weiter lesen\" \/>\n<meta property=\"og:url\" content=\"https:\/\/www.patientenbeteiligung.de\/nrw\/2022\/07\/13\/wie-patientenorientiert-ist-kommunale-gesundheitspolitik-themen-vernetzung-und-strategien-in-kommunalen-gesundheitskonferenzen-2\/\" \/>\n<meta property=\"og:site_name\" content=\"Patientenbeteiligung NRW\" \/>\n<meta property=\"article:published_time\" content=\"2022-07-13T06:37:11+00:00\" \/>\n<meta name=\"author\" content=\"jankassner758\" \/>\n<meta name=\"twitter:card\" content=\"summary_large_image\" \/>\n<meta name=\"twitter:label1\" content=\"Verfasst von\" \/>\n\t<meta name=\"twitter:data1\" content=\"jankassner758\" \/>\n\t<meta name=\"twitter:label2\" content=\"Gesch\u00e4tzte Lesezeit\" \/>\n\t<meta name=\"twitter:data2\" content=\"2\u00a0Minuten\" \/>\n<script type=\"application\/ld+json\" class=\"yoast-schema-graph\">{\"@context\":\"https:\/\/schema.org\",\"@graph\":[{\"@type\":\"WebPage\",\"@id\":\"https:\/\/www.patientenbeteiligung.de\/nrw\/2022\/07\/13\/wie-patientenorientiert-ist-kommunale-gesundheitspolitik-themen-vernetzung-und-strategien-in-kommunalen-gesundheitskonferenzen-2\/\",\"url\":\"https:\/\/www.patientenbeteiligung.de\/nrw\/2022\/07\/13\/wie-patientenorientiert-ist-kommunale-gesundheitspolitik-themen-vernetzung-und-strategien-in-kommunalen-gesundheitskonferenzen-2\/\",\"name\":\"Wie patientenorientiert ist kommunale Gesundheitspolitik? Themen, Vernetzung und Strategien in kommunalen Gesundheitskonferenzen - Patientenbeteiligung NRW\",\"isPartOf\":{\"@id\":\"https:\/\/www.patientenbeteiligung.de\/nrw\/#website\"},\"datePublished\":\"2022-07-13T06:37:11+00:00\",\"author\":{\"@id\":\"https:\/\/www.patientenbeteiligung.de\/nrw\/#\/schema\/person\/61a7e43b6e266673ab61b74c387974d1\"},\"breadcrumb\":{\"@id\":\"https:\/\/www.patientenbeteiligung.de\/nrw\/2022\/07\/13\/wie-patientenorientiert-ist-kommunale-gesundheitspolitik-themen-vernetzung-und-strategien-in-kommunalen-gesundheitskonferenzen-2\/#breadcrumb\"},\"inLanguage\":\"de\",\"potentialAction\":[{\"@type\":\"ReadAction\",\"target\":[\"https:\/\/www.patientenbeteiligung.de\/nrw\/2022\/07\/13\/wie-patientenorientiert-ist-kommunale-gesundheitspolitik-themen-vernetzung-und-strategien-in-kommunalen-gesundheitskonferenzen-2\/\"]}]},{\"@type\":\"BreadcrumbList\",\"@id\":\"https:\/\/www.patientenbeteiligung.de\/nrw\/2022\/07\/13\/wie-patientenorientiert-ist-kommunale-gesundheitspolitik-themen-vernetzung-und-strategien-in-kommunalen-gesundheitskonferenzen-2\/#breadcrumb\",\"itemListElement\":[{\"@type\":\"ListItem\",\"position\":1,\"name\":\"Patientenbeteiligung\",\"item\":\"https:\/\/www.patientenbeteiligung.de\"},{\"@type\":\"ListItem\",\"position\":2,\"name\":\"Nordrhein-Westfalen\",\"item\":\"https:\/\/www.patientenbeteiligung.de\/nrw\/\"},{\"@type\":\"ListItem\",\"position\":3,\"name\":\"Wie patientenorientiert ist kommunale Gesundheitspolitik? Themen, Vernetzung und Strategien in kommunalen Gesundheitskonferenzen\"}]},{\"@type\":\"WebSite\",\"@id\":\"https:\/\/www.patientenbeteiligung.de\/nrw\/#website\",\"url\":\"https:\/\/www.patientenbeteiligung.de\/nrw\/\",\"name\":\"Patientenbeteiligung NRW\",\"description\":\"\",\"potentialAction\":[{\"@type\":\"SearchAction\",\"target\":{\"@type\":\"EntryPoint\",\"urlTemplate\":\"https:\/\/www.patientenbeteiligung.de\/nrw\/?s={search_term_string}\"},\"query-input\":{\"@type\":\"PropertyValueSpecification\",\"valueRequired\":true,\"valueName\":\"search_term_string\"}}],\"inLanguage\":\"de\"},{\"@type\":\"Person\",\"@id\":\"https:\/\/www.patientenbeteiligung.de\/nrw\/#\/schema\/person\/61a7e43b6e266673ab61b74c387974d1\",\"name\":\"jankassner758\",\"url\":\"https:\/\/www.patientenbeteiligung.de\/nrw\/author\/jankassner758\/\"}]}<\/script>\n<!-- \/ Yoast SEO plugin. -->","yoast_head_json":{"title":"Wie patientenorientiert ist kommunale Gesundheitspolitik? Themen, Vernetzung und Strategien in kommunalen Gesundheitskonferenzen - Patientenbeteiligung NRW","robots":{"index":"index","follow":"follow","max-snippet":"max-snippet:-1","max-image-preview":"max-image-preview:large","max-video-preview":"max-video-preview:-1"},"canonical":"https:\/\/www.patientenbeteiligung.de\/nrw\/2022\/07\/13\/wie-patientenorientiert-ist-kommunale-gesundheitspolitik-themen-vernetzung-und-strategien-in-kommunalen-gesundheitskonferenzen-2\/","og_locale":"de_DE","og_type":"article","og_title":"Wie patientenorientiert ist kommunale Gesundheitspolitik? Themen, Vernetzung und Strategien in kommunalen Gesundheitskonferenzen - Patientenbeteiligung NRW","og_description":"Im Rahmen des Projektes Koordinierung und Vernetzung der Patientenbeteiligung NRW m\u00f6chten wir Senioren*Innen-Vertreter*Innen, Personen aus der Behinderten- und Gesundheitsselbsthilfe, Personen, die sich um die Pr\u00e4vention bzw. um den Patientenschutz und Weiter lesen","og_url":"https:\/\/www.patientenbeteiligung.de\/nrw\/2022\/07\/13\/wie-patientenorientiert-ist-kommunale-gesundheitspolitik-themen-vernetzung-und-strategien-in-kommunalen-gesundheitskonferenzen-2\/","og_site_name":"Patientenbeteiligung NRW","article_published_time":"2022-07-13T06:37:11+00:00","author":"jankassner758","twitter_card":"summary_large_image","twitter_misc":{"Verfasst von":"jankassner758","Gesch\u00e4tzte Lesezeit":"2\u00a0Minuten"},"schema":{"@context":"https:\/\/schema.org","@graph":[{"@type":"WebPage","@id":"https:\/\/www.patientenbeteiligung.de\/nrw\/2022\/07\/13\/wie-patientenorientiert-ist-kommunale-gesundheitspolitik-themen-vernetzung-und-strategien-in-kommunalen-gesundheitskonferenzen-2\/","url":"https:\/\/www.patientenbeteiligung.de\/nrw\/2022\/07\/13\/wie-patientenorientiert-ist-kommunale-gesundheitspolitik-themen-vernetzung-und-strategien-in-kommunalen-gesundheitskonferenzen-2\/","name":"Wie patientenorientiert ist kommunale Gesundheitspolitik? Themen, Vernetzung und Strategien in kommunalen Gesundheitskonferenzen - Patientenbeteiligung NRW","isPartOf":{"@id":"https:\/\/www.patientenbeteiligung.de\/nrw\/#website"},"datePublished":"2022-07-13T06:37:11+00:00","author":{"@id":"https:\/\/www.patientenbeteiligung.de\/nrw\/#\/schema\/person\/61a7e43b6e266673ab61b74c387974d1"},"breadcrumb":{"@id":"https:\/\/www.patientenbeteiligung.de\/nrw\/2022\/07\/13\/wie-patientenorientiert-ist-kommunale-gesundheitspolitik-themen-vernetzung-und-strategien-in-kommunalen-gesundheitskonferenzen-2\/#breadcrumb"},"inLanguage":"de","potentialAction":[{"@type":"ReadAction","target":["https:\/\/www.patientenbeteiligung.de\/nrw\/2022\/07\/13\/wie-patientenorientiert-ist-kommunale-gesundheitspolitik-themen-vernetzung-und-strategien-in-kommunalen-gesundheitskonferenzen-2\/"]}]},{"@type":"BreadcrumbList","@id":"https:\/\/www.patientenbeteiligung.de\/nrw\/2022\/07\/13\/wie-patientenorientiert-ist-kommunale-gesundheitspolitik-themen-vernetzung-und-strategien-in-kommunalen-gesundheitskonferenzen-2\/#breadcrumb","itemListElement":[{"@type":"ListItem","position":1,"name":"Patientenbeteiligung","item":"https:\/\/www.patientenbeteiligung.de"},{"@type":"ListItem","position":2,"name":"Nordrhein-Westfalen","item":"https:\/\/www.patientenbeteiligung.de\/nrw\/"},{"@type":"ListItem","position":3,"name":"Wie patientenorientiert ist kommunale Gesundheitspolitik? Themen, Vernetzung und Strategien in kommunalen Gesundheitskonferenzen"}]},{"@type":"WebSite","@id":"https:\/\/www.patientenbeteiligung.de\/nrw\/#website","url":"https:\/\/www.patientenbeteiligung.de\/nrw\/","name":"Patientenbeteiligung NRW","description":"","potentialAction":[{"@type":"SearchAction","target":{"@type":"EntryPoint","urlTemplate":"https:\/\/www.patientenbeteiligung.de\/nrw\/?s={search_term_string}"},"query-input":{"@type":"PropertyValueSpecification","valueRequired":true,"valueName":"search_term_string"}}],"inLanguage":"de"},{"@type":"Person","@id":"https:\/\/www.patientenbeteiligung.de\/nrw\/#\/schema\/person\/61a7e43b6e266673ab61b74c387974d1","name":"jankassner758","url":"https:\/\/www.patientenbeteiligung.de\/nrw\/author\/jankassner758\/"}]}},"_links":{"self":[{"href":"https:\/\/www.patientenbeteiligung.de\/nrw\/wp-json\/wp\/v2\/posts\/5323","targetHints":{"allow":["GET"]}}],"collection":[{"href":"https:\/\/www.patientenbeteiligung.de\/nrw\/wp-json\/wp\/v2\/posts"}],"about":[{"href":"https:\/\/www.patientenbeteiligung.de\/nrw\/wp-json\/wp\/v2\/types\/post"}],"author":[{"embeddable":true,"href":"https:\/\/www.patientenbeteiligung.de\/nrw\/wp-json\/wp\/v2\/users\/15"}],"replies":[{"embeddable":true,"href":"https:\/\/www.patientenbeteiligung.de\/nrw\/wp-json\/wp\/v2\/comments?post=5323"}],"version-history":[{"count":0,"href":"https:\/\/www.patientenbeteiligung.de\/nrw\/wp-json\/wp\/v2\/posts\/5323\/revisions"}],"wp:attachment":[{"href":"https:\/\/www.patientenbeteiligung.de\/nrw\/wp-json\/wp\/v2\/media?parent=5323"}],"wp:term":[{"taxonomy":"category","embeddable":true,"href":"https:\/\/www.patientenbeteiligung.de\/nrw\/wp-json\/wp\/v2\/categories?post=5323"},{"taxonomy":"post_tag","embeddable":true,"href":"https:\/\/www.patientenbeteiligung.de\/nrw\/wp-json\/wp\/v2\/tags?post=5323"}],"curies":[{"name":"wp","href":"https:\/\/api.w.org\/{rel}","templated":true}]}}