{"id":5233,"date":"2023-12-21T10:46:13","date_gmt":"2023-12-21T09:46:13","guid":{"rendered":"https:\/\/www.patientenbeteiligung.de\/nw\/?p=5233"},"modified":"2023-12-21T10:46:13","modified_gmt":"2023-12-21T09:46:13","slug":"bericht-zur-jahrestagung-2023-politik-fuer-patientinnen-alle-nicken-nichts-passiert","status":"publish","type":"post","link":"https:\/\/www.patientenbeteiligung.de\/nrw\/2023\/12\/21\/bericht-zur-jahrestagung-2023-politik-fuer-patientinnen-alle-nicken-nichts-passiert\/","title":{"rendered":"Bericht zur Jahrestagung 2023: &#8220;Politik f\u00fcr Patient*innen: Alle nicken, nichts passiert?!&#8221;"},"content":{"rendered":"\r\n<p>Am 3. November 2023 diskutierten auf der Jahrestagung der Koordinierungs- und Vernetzungsstelle Patientenbeteiligung NRW im Dortmunder Reinoldinum sowie digital rund <strong>achtzig Patientenvertreter*innen und Interessierte<\/strong> die Frage, ob derzeit die Bedarfe von Patient*innen ausreichend politisch Ber\u00fccksichtigung finden.<\/p>\r\n<p><br \/>Von August bis Oktober dieses Jahres organisierte die Koordinierungs- und Vernetzungsstelle in den f\u00fcnf Regierungsbezirken von NRW regionale Austauschtreffen f\u00fcr kommunale Patientenvertreter*innen, die sogenannten <a href=\"https:\/\/www.patientenbeteiligung.de\/nrw\/2023\/10\/24\/berichte-zu-den-regionalen-patientenforen\/\" target=\"_blank\" rel=\"noopener\">Regionalen Patientenforen<\/a>. Zur Vorbereitung der f\u00fcnf Pr\u00e4senztermine wurde im Fr\u00fchjahr 2023 jeweils pro Regierungsbezirk ein digitales Patientenforum veranstaltet. Im Mittelpunkt standen dabei Ideen der Patientenvertretung f\u00fcr das kommunale Gesundheitswesen sowie Themen und Bedarfe, die die kommunale Patientenvertretung derzeit besch\u00e4ftigten. Die Ergebnisse der Regionalen Patientenforen bildeten die inhaltliche Grundlage f\u00fcr die Jahrestagung. Die Jahrestagung bot die M\u00f6glichkeit, die Ergebnisse zu reflektieren und weiterzuentwickeln.<\/p>\r\n<p><br \/>Die Jahrestagung wurde hybrid umgesetzt: Am Vormittag fanden insgesamt vier Workshops statt, von denen zwei in Pr\u00e4senz, einer hybrid und einer digital die jeweiligen Themen diskutierten und dann Fragen und Forderungen aus Sicht der Patient*innen formulierten. Am Nachmittag pr\u00e4sentierten die Workshop-Moderator*innen die Ergebnisse und diskutierten diese mit den eingeladenen <strong>G\u00e4sten auf dem Podium, den gesundheitspolitischen Sprecher*innen der Landtagsfraktionen von SPD (Thorsten Klute), GR\u00dcNE (Meral Thoms) und FDP (Susanne Schneider)<\/strong>. Die Online-Teilnehmenden hatten die M\u00f6glichkeit, der Podiumsdiskussion inklusive der Ergebnispr\u00e4sentation im Livestream zu folgen.<\/p>\r\n<p>\u00a0<\/p>\r\n<p>Den ausf\u00fchrlichen <strong>Bericht zur Jahrestagung<\/strong> k\u00f6nnen Sie <a href=\"https:\/\/www.patientenbeteiligung.de\/nrw\/wp-content\/uploads\/sites\/12\/2023\/12\/Bericht-Jahrestagung-2023-Patientenbeteiligung-NRW.pdf\" target=\"_blank\" rel=\"noopener\">hier<\/a> abrufen. Im Folgenden k\u00f6nnen Sie Nachmittagsveranstaltung anhand der <strong>Video-Mitschnitte<\/strong> Revue passieren lassen.<\/p>\r\n<p>\u00a0<\/p>\r\n<p>Auf der Nachmittagsveranstaltung wurden die Teilnehmenden zun\u00e4chst von <strong>Jan Ka\u00dfner<\/strong> (Patientenbeteiligung NRW) begr\u00fc\u00dft, woraufhin <strong>Claudia Middendorf<\/strong> als Patientenbeauftragte von NRW die Teilnehmenden in einem Gru\u00dfwort auf die Diskussion einstimmte: <\/p>\r\n\r\n\r\n\r\n<figure class=\"wp-block-video\"><video controls src=\"https:\/\/www.patientenbeteiligung.de\/nrw\/wp-content\/uploads\/sites\/12\/2023\/12\/JT-2023_1-Begruessung-Middendorf.mp4\"><\/video><\/figure>\r\n\r\n\r\n\r\n<div style=\"height:100px\" aria-hidden=\"true\" class=\"wp-block-spacer\"><\/div>\r\n\r\n\r\n\r\n<p>In den Workshops am Vormittag wurden f\u00fcr die Diskussion <strong>vier Themen<\/strong> vorbereitet. Wie die Themenauswahl zustande kam, erkl\u00e4rte <strong>Jan Ka\u00dfner<\/strong> (Patientenbeteiligung NRW) im Gespr\u00e4ch mit <strong>Moderator Bernd Hoeber<\/strong> (Parit\u00e4tischer NRW):<\/p>\r\n\r\n\r\n\r\n<figure class=\"wp-block-video\"><video controls src=\"https:\/\/www.patientenbeteiligung.de\/nrw\/wp-content\/uploads\/sites\/12\/2023\/12\/JT-2023_2-Interview-Jan-Vorstellung-WS-Themen.mp4\"><\/video><\/figure>\r\n\r\n\r\n\r\n<div style=\"height:100px\" aria-hidden=\"true\" class=\"wp-block-spacer\"><\/div>\r\n\r\n\r\n\r\n<p><strong>Bernd Hoeber<\/strong> (Parit\u00e4tischer NRW) fragte anschlie\u00dfend die <strong>Teilnehmenden<\/strong>, in welchen Organisationen und Gremien sie sich f\u00fcr Patienteninteressen engagieren. Zudem stellten sich die <strong>gesundheitspolitischen Sprecher*innen von SPD (Thorsten Klute), GR\u00dcNE (Meral Thoms) und FDP (Susanne Schneider)<\/strong> als G\u00e4ste auf dem Podium vor:<\/p>\r\n\r\n\r\n\r\n<figure class=\"wp-block-video\"><video controls src=\"https:\/\/www.patientenbeteiligung.de\/nrw\/wp-content\/uploads\/sites\/12\/2023\/12\/JT-2023_3-Interaktion-Publikum.mp4\"><\/video><\/figure>\r\n\r\n\r\n\r\n<div style=\"height:100px\" aria-hidden=\"true\" class=\"wp-block-spacer\"><\/div>\r\n\r\n\r\n\r\n<p><strong>Christiane Grote<\/strong> (Verbraucherzentrale NRW) stellte die Ergebnisse des Workshops <strong>Vom Gewinnstreben zur Gemeinwohlorientierung<\/strong> vor. Nach der Vorstellung jedes Workshop-Themas wurden die pr\u00e4sentierten Fragen und Forderungen der Workshop-Teilnehmenden von den Politiker*innen im anschlie\u00dfenden Gespr\u00e4ch aufgegriffen:<\/p>\r\n\r\n\r\n\r\n<figure class=\"wp-block-video\"><video controls src=\"https:\/\/www.patientenbeteiligung.de\/nrw\/wp-content\/uploads\/sites\/12\/2023\/12\/JT-2023_4-WS-1.mp4\"><\/video><\/figure>\r\n\r\n\r\n\r\n<div style=\"height:100px\" aria-hidden=\"true\" class=\"wp-block-spacer\"><\/div>\r\n\r\n\r\n\r\n<p><strong>Christiane Erbel<\/strong> (Gesundheitsselbsthilfe NRW) pr\u00e4sentierte die Ergebnisse des Workshops <strong>\u00dcberleitungsmanagement in der Versorgung<\/strong>:<\/p>\r\n\r\n\r\n\r\n<figure class=\"wp-block-video\"><video controls src=\"https:\/\/www.patientenbeteiligung.de\/nrw\/wp-content\/uploads\/sites\/12\/2023\/12\/JT-2023_5-WS-2.mp4\"><\/video><\/figure>\r\n\r\n\r\n\r\n<div style=\"height:100px\" aria-hidden=\"true\" class=\"wp-block-spacer\"><\/div>\r\n\r\n\r\n\r\n<p><strong>G\u00fcnter H\u00f6lling<\/strong> (Gesundheitsladen Bielefeld) fasste die Ergebnisse des Workshops <strong>Gesundheitskompetenz von Gesundheitseinrichtungen<\/strong> gegen\u00fcber den Politiker*innen und Teilnehmenden zusammen:<\/p>\r\n\r\n\r\n\r\n<figure class=\"wp-block-video\"><video controls src=\"https:\/\/www.patientenbeteiligung.de\/nrw\/wp-content\/uploads\/sites\/12\/2023\/12\/JT-2023_6-WS-3.mp4\"><\/video><\/figure>\r\n\r\n\r\n\r\n<div style=\"height:100px\" aria-hidden=\"true\" class=\"wp-block-spacer\"><\/div>\r\n\r\n\r\n\r\n<p><strong>Gregor Bornes<\/strong> (Patientenbeteiligung NRW) stellte die Ergebnisse des vierten Workshops, <strong>Neue Krankenhausplanung in NRW<\/strong>, vor:<\/p>\r\n\r\n\r\n\r\n<figure class=\"wp-block-video\"><video controls src=\"https:\/\/www.patientenbeteiligung.de\/nrw\/wp-content\/uploads\/sites\/12\/2023\/12\/JT-2023_7-WS-4.mp4\"><\/video><\/figure>\r\n\r\n\r\n\r\n<div style=\"height:100px\" aria-hidden=\"true\" class=\"wp-block-spacer\"><\/div>\r\n\r\n\r\n\r\n<p>Abschlie\u00dfend zogen <strong>Gregor Bornes<\/strong> (Patientenbeteiligung NRW) und Moderator <strong>Bernd Hoeber<\/strong> (Parit\u00e4tischer NRW) ein <strong>Fazit<\/strong> zur Veranstaltung:<\/p>\r\n\r\n\r\n\r\n<figure class=\"wp-block-video\"><video controls src=\"https:\/\/www.patientenbeteiligung.de\/nrw\/wp-content\/uploads\/sites\/12\/2023\/12\/JT-2023_8-Fazit-Verabschiedung.mp4\"><\/video><\/figure>\r\n","protected":false},"excerpt":{"rendered":"<p>Am 3. November 2023 diskutierten auf der Jahrestagung der Koordinierungs- und Vernetzungsstelle Patientenbeteiligung NRW im Dortmunder Reinoldinum sowie digital rund achtzig Patientenvertreter*innen und Interessierte die Frage, ob derzeit die Bedarfe <a href=\"https:\/\/www.patientenbeteiligung.de\/nrw\/2023\/12\/21\/bericht-zur-jahrestagung-2023-politik-fuer-patientinnen-alle-nicken-nichts-passiert\/\">Weiter lesen<\/a><\/p>\n","protected":false},"author":15,"featured_media":0,"comment_status":"closed","ping_status":"open","sticky":false,"template":"","format":"standard","meta":{"_acf_changed":false,"footnotes":""},"categories":[11],"tags":[],"class_list":["post-5233","post","type-post","status-publish","format-standard","hentry","category-neuigkeiten"],"acf":[],"yoast_head":"<!-- This site is optimized with the Yoast SEO plugin v24.9 - https:\/\/yoast.com\/wordpress\/plugins\/seo\/ -->\n<title>Bericht zur Jahrestagung 2023: &quot;Politik f\u00fcr Patient*innen: Alle nicken, nichts passiert?!&quot; - Patientenbeteiligung NRW<\/title>\n<meta name=\"robots\" content=\"index, follow, max-snippet:-1, max-image-preview:large, max-video-preview:-1\" \/>\n<link rel=\"canonical\" href=\"https:\/\/www.patientenbeteiligung.de\/nrw\/2023\/12\/21\/bericht-zur-jahrestagung-2023-politik-fuer-patientinnen-alle-nicken-nichts-passiert\/\" \/>\n<meta property=\"og:locale\" content=\"de_DE\" \/>\n<meta property=\"og:type\" content=\"article\" \/>\n<meta property=\"og:title\" content=\"Bericht zur Jahrestagung 2023: &quot;Politik f\u00fcr Patient*innen: Alle nicken, nichts passiert?!&quot; - Patientenbeteiligung NRW\" \/>\n<meta property=\"og:description\" content=\"Am 3. November 2023 diskutierten auf der Jahrestagung der Koordinierungs- und Vernetzungsstelle Patientenbeteiligung NRW im Dortmunder Reinoldinum sowie digital rund achtzig Patientenvertreter*innen und Interessierte die Frage, ob derzeit die Bedarfe Weiter lesen\" \/>\n<meta property=\"og:url\" content=\"https:\/\/www.patientenbeteiligung.de\/nrw\/2023\/12\/21\/bericht-zur-jahrestagung-2023-politik-fuer-patientinnen-alle-nicken-nichts-passiert\/\" \/>\n<meta property=\"og:site_name\" content=\"Patientenbeteiligung NRW\" \/>\n<meta property=\"article:published_time\" content=\"2023-12-21T09:46:13+00:00\" \/>\n<meta name=\"author\" content=\"jankassner758\" \/>\n<meta name=\"twitter:card\" content=\"summary_large_image\" \/>\n<meta name=\"twitter:label1\" content=\"Verfasst von\" \/>\n\t<meta name=\"twitter:data1\" content=\"jankassner758\" \/>\n\t<meta name=\"twitter:label2\" content=\"Gesch\u00e4tzte Lesezeit\" \/>\n\t<meta name=\"twitter:data2\" content=\"3\u00a0Minuten\" \/>\n<script type=\"application\/ld+json\" class=\"yoast-schema-graph\">{\"@context\":\"https:\/\/schema.org\",\"@graph\":[{\"@type\":\"WebPage\",\"@id\":\"https:\/\/www.patientenbeteiligung.de\/nrw\/2023\/12\/21\/bericht-zur-jahrestagung-2023-politik-fuer-patientinnen-alle-nicken-nichts-passiert\/\",\"url\":\"https:\/\/www.patientenbeteiligung.de\/nrw\/2023\/12\/21\/bericht-zur-jahrestagung-2023-politik-fuer-patientinnen-alle-nicken-nichts-passiert\/\",\"name\":\"Bericht zur Jahrestagung 2023: \\\"Politik f\u00fcr Patient*innen: Alle nicken, nichts passiert?!\\\" - Patientenbeteiligung NRW\",\"isPartOf\":{\"@id\":\"https:\/\/www.patientenbeteiligung.de\/nrw\/#website\"},\"datePublished\":\"2023-12-21T09:46:13+00:00\",\"author\":{\"@id\":\"https:\/\/www.patientenbeteiligung.de\/nrw\/#\/schema\/person\/61a7e43b6e266673ab61b74c387974d1\"},\"breadcrumb\":{\"@id\":\"https:\/\/www.patientenbeteiligung.de\/nrw\/2023\/12\/21\/bericht-zur-jahrestagung-2023-politik-fuer-patientinnen-alle-nicken-nichts-passiert\/#breadcrumb\"},\"inLanguage\":\"de\",\"potentialAction\":[{\"@type\":\"ReadAction\",\"target\":[\"https:\/\/www.patientenbeteiligung.de\/nrw\/2023\/12\/21\/bericht-zur-jahrestagung-2023-politik-fuer-patientinnen-alle-nicken-nichts-passiert\/\"]}]},{\"@type\":\"BreadcrumbList\",\"@id\":\"https:\/\/www.patientenbeteiligung.de\/nrw\/2023\/12\/21\/bericht-zur-jahrestagung-2023-politik-fuer-patientinnen-alle-nicken-nichts-passiert\/#breadcrumb\",\"itemListElement\":[{\"@type\":\"ListItem\",\"position\":1,\"name\":\"Patientenbeteiligung\",\"item\":\"https:\/\/www.patientenbeteiligung.de\"},{\"@type\":\"ListItem\",\"position\":2,\"name\":\"Nordrhein-Westfalen\",\"item\":\"https:\/\/www.patientenbeteiligung.de\/nrw\/\"},{\"@type\":\"ListItem\",\"position\":3,\"name\":\"Bericht zur Jahrestagung 2023: &#8220;Politik f\u00fcr Patient*innen: Alle nicken, nichts passiert?!&#8221;\"}]},{\"@type\":\"WebSite\",\"@id\":\"https:\/\/www.patientenbeteiligung.de\/nrw\/#website\",\"url\":\"https:\/\/www.patientenbeteiligung.de\/nrw\/\",\"name\":\"Patientenbeteiligung NRW\",\"description\":\"\",\"potentialAction\":[{\"@type\":\"SearchAction\",\"target\":{\"@type\":\"EntryPoint\",\"urlTemplate\":\"https:\/\/www.patientenbeteiligung.de\/nrw\/?s={search_term_string}\"},\"query-input\":{\"@type\":\"PropertyValueSpecification\",\"valueRequired\":true,\"valueName\":\"search_term_string\"}}],\"inLanguage\":\"de\"},{\"@type\":\"Person\",\"@id\":\"https:\/\/www.patientenbeteiligung.de\/nrw\/#\/schema\/person\/61a7e43b6e266673ab61b74c387974d1\",\"name\":\"jankassner758\",\"url\":\"https:\/\/www.patientenbeteiligung.de\/nrw\/author\/jankassner758\/\"}]}<\/script>\n<!-- \/ Yoast SEO plugin. -->","yoast_head_json":{"title":"Bericht zur Jahrestagung 2023: \"Politik f\u00fcr Patient*innen: Alle nicken, nichts passiert?!\" - Patientenbeteiligung NRW","robots":{"index":"index","follow":"follow","max-snippet":"max-snippet:-1","max-image-preview":"max-image-preview:large","max-video-preview":"max-video-preview:-1"},"canonical":"https:\/\/www.patientenbeteiligung.de\/nrw\/2023\/12\/21\/bericht-zur-jahrestagung-2023-politik-fuer-patientinnen-alle-nicken-nichts-passiert\/","og_locale":"de_DE","og_type":"article","og_title":"Bericht zur Jahrestagung 2023: \"Politik f\u00fcr Patient*innen: Alle nicken, nichts passiert?!\" - Patientenbeteiligung NRW","og_description":"Am 3. November 2023 diskutierten auf der Jahrestagung der Koordinierungs- und Vernetzungsstelle Patientenbeteiligung NRW im Dortmunder Reinoldinum sowie digital rund achtzig Patientenvertreter*innen und Interessierte die Frage, ob derzeit die Bedarfe Weiter lesen","og_url":"https:\/\/www.patientenbeteiligung.de\/nrw\/2023\/12\/21\/bericht-zur-jahrestagung-2023-politik-fuer-patientinnen-alle-nicken-nichts-passiert\/","og_site_name":"Patientenbeteiligung NRW","article_published_time":"2023-12-21T09:46:13+00:00","author":"jankassner758","twitter_card":"summary_large_image","twitter_misc":{"Verfasst von":"jankassner758","Gesch\u00e4tzte Lesezeit":"3\u00a0Minuten"},"schema":{"@context":"https:\/\/schema.org","@graph":[{"@type":"WebPage","@id":"https:\/\/www.patientenbeteiligung.de\/nrw\/2023\/12\/21\/bericht-zur-jahrestagung-2023-politik-fuer-patientinnen-alle-nicken-nichts-passiert\/","url":"https:\/\/www.patientenbeteiligung.de\/nrw\/2023\/12\/21\/bericht-zur-jahrestagung-2023-politik-fuer-patientinnen-alle-nicken-nichts-passiert\/","name":"Bericht zur Jahrestagung 2023: \"Politik f\u00fcr Patient*innen: Alle nicken, nichts passiert?!\" - Patientenbeteiligung NRW","isPartOf":{"@id":"https:\/\/www.patientenbeteiligung.de\/nrw\/#website"},"datePublished":"2023-12-21T09:46:13+00:00","author":{"@id":"https:\/\/www.patientenbeteiligung.de\/nrw\/#\/schema\/person\/61a7e43b6e266673ab61b74c387974d1"},"breadcrumb":{"@id":"https:\/\/www.patientenbeteiligung.de\/nrw\/2023\/12\/21\/bericht-zur-jahrestagung-2023-politik-fuer-patientinnen-alle-nicken-nichts-passiert\/#breadcrumb"},"inLanguage":"de","potentialAction":[{"@type":"ReadAction","target":["https:\/\/www.patientenbeteiligung.de\/nrw\/2023\/12\/21\/bericht-zur-jahrestagung-2023-politik-fuer-patientinnen-alle-nicken-nichts-passiert\/"]}]},{"@type":"BreadcrumbList","@id":"https:\/\/www.patientenbeteiligung.de\/nrw\/2023\/12\/21\/bericht-zur-jahrestagung-2023-politik-fuer-patientinnen-alle-nicken-nichts-passiert\/#breadcrumb","itemListElement":[{"@type":"ListItem","position":1,"name":"Patientenbeteiligung","item":"https:\/\/www.patientenbeteiligung.de"},{"@type":"ListItem","position":2,"name":"Nordrhein-Westfalen","item":"https:\/\/www.patientenbeteiligung.de\/nrw\/"},{"@type":"ListItem","position":3,"name":"Bericht zur Jahrestagung 2023: &#8220;Politik f\u00fcr Patient*innen: Alle nicken, nichts passiert?!&#8221;"}]},{"@type":"WebSite","@id":"https:\/\/www.patientenbeteiligung.de\/nrw\/#website","url":"https:\/\/www.patientenbeteiligung.de\/nrw\/","name":"Patientenbeteiligung NRW","description":"","potentialAction":[{"@type":"SearchAction","target":{"@type":"EntryPoint","urlTemplate":"https:\/\/www.patientenbeteiligung.de\/nrw\/?s={search_term_string}"},"query-input":{"@type":"PropertyValueSpecification","valueRequired":true,"valueName":"search_term_string"}}],"inLanguage":"de"},{"@type":"Person","@id":"https:\/\/www.patientenbeteiligung.de\/nrw\/#\/schema\/person\/61a7e43b6e266673ab61b74c387974d1","name":"jankassner758","url":"https:\/\/www.patientenbeteiligung.de\/nrw\/author\/jankassner758\/"}]}},"_links":{"self":[{"href":"https:\/\/www.patientenbeteiligung.de\/nrw\/wp-json\/wp\/v2\/posts\/5233","targetHints":{"allow":["GET"]}}],"collection":[{"href":"https:\/\/www.patientenbeteiligung.de\/nrw\/wp-json\/wp\/v2\/posts"}],"about":[{"href":"https:\/\/www.patientenbeteiligung.de\/nrw\/wp-json\/wp\/v2\/types\/post"}],"author":[{"embeddable":true,"href":"https:\/\/www.patientenbeteiligung.de\/nrw\/wp-json\/wp\/v2\/users\/15"}],"replies":[{"embeddable":true,"href":"https:\/\/www.patientenbeteiligung.de\/nrw\/wp-json\/wp\/v2\/comments?post=5233"}],"version-history":[{"count":0,"href":"https:\/\/www.patientenbeteiligung.de\/nrw\/wp-json\/wp\/v2\/posts\/5233\/revisions"}],"wp:attachment":[{"href":"https:\/\/www.patientenbeteiligung.de\/nrw\/wp-json\/wp\/v2\/media?parent=5233"}],"wp:term":[{"taxonomy":"category","embeddable":true,"href":"https:\/\/www.patientenbeteiligung.de\/nrw\/wp-json\/wp\/v2\/categories?post=5233"},{"taxonomy":"post_tag","embeddable":true,"href":"https:\/\/www.patientenbeteiligung.de\/nrw\/wp-json\/wp\/v2\/tags?post=5233"}],"curies":[{"name":"wp","href":"https:\/\/api.w.org\/{rel}","templated":true}]}}