{"id":5175,"date":"2023-10-25T12:15:35","date_gmt":"2023-10-25T10:15:35","guid":{"rendered":"https:\/\/www.patientenbeteiligung.de\/nw\/?p=5175"},"modified":"2023-10-25T12:15:35","modified_gmt":"2023-10-25T10:15:35","slug":"praesenz-fortbildung-barrierefreie-arztpraxen-einfordern","status":"publish","type":"post","link":"https:\/\/www.patientenbeteiligung.de\/nrw\/2023\/10\/25\/praesenz-fortbildung-barrierefreie-arztpraxen-einfordern\/","title":{"rendered":"Pr\u00e4senz-Fortbildung &#8220;Barrierefreie Arztpraxen einfordern&#8221;"},"content":{"rendered":"\n<p>Am 21. Oktober diskutierten Engagierte aus den Selbsthilfe- und Patientenorganisationen in NRW M\u00f6glichkeiten, die Barrierefreiheit von Arztpraxen gegen\u00fcber Verantwortlichen aus dem Gesundheitswesen zu artikulieren. Die Veranstaltung baute dabei auf den Ergebnissen einer digitalen <a href=\"https:\/\/www.patientenbeteiligung.de\/nw\/2023\/10\/10\/veranstaltung-barrierefreie-arztpraxen-einfordern\/\" target=\"_blank\" rel=\"noopener\">Grundlagen-Fortbildung<\/a> des Koordinierungsausschusses NRW und der Koordinierungsstelle vom 28. September auf. Zun\u00e4chst reflektierten die Teilnehmenden die Ergebnisse der digitalen Fortbildung und \u00fcberlegten, wie die dort formulierten Forderungen umgesetzt werden k\u00f6nnen. Hierbei identifizierten die Teilnehmenden neben notwendigen politischen Reformen zwei Ansatzpunkte, bei denen sie selbst aktiv werden k\u00f6nnen: Zum einen k\u00f6nnen die Engagierten \u00c4rzt*innen in deren Sprechstunden auf die mangelnde Barrierefreiheit ihrer Arztpraxen ansprechen. Zum anderen sollten Kan\u00e4le in die Gremien der Bedarfsplanung genutzt werden, damit die Verantwortlichen f\u00fcr die Barrierefreiheit sensibilisiert werden. In daran anschlie\u00dfenden Rollenspielen simulierten die Teilnehmenden Gespr\u00e4chssituationen sowohl in Arztpraxen als auch in Zulassungsaussch\u00fcssen, um sich rhetorisch auf den Austausch mit den professionell T\u00e4tigen vorzubereiten.<\/p>\n\n\n\n<figure class=\"wp-block-gallery has-nested-images columns-default is-cropped wp-block-gallery-1 is-layout-flex wp-block-gallery-is-layout-flex\">\n<figure class=\"wp-block-image size-large\"><img decoding=\"async\" data-id=\"5176\" src=\"https:\/\/www.patientenbeteiligung.de\/nw\/wp-content\/uploads\/sites\/4\/2023\/10\/IMG_20231021_154504-1024x768.jpg\" alt=\"\" class=\"wp-image-5176\" \/><figcaption class=\"wp-element-caption\">Rollenspiel: \u00c4rzt*innen und Patient*innen<\/figcaption><\/figure>\n\n\n\n<figure class=\"wp-block-image size-large\"><img decoding=\"async\" data-id=\"5177\" src=\"https:\/\/www.patientenbeteiligung.de\/nw\/wp-content\/uploads\/sites\/4\/2023\/10\/IMG_20231021_164309-1024x768.jpg\" alt=\"\" class=\"wp-image-5177\" \/><figcaption class=\"wp-element-caption\">Rollenspiel: \u00c4rzt*innen und Patient*innen<\/figcaption><\/figure>\n\n\n\n<figure class=\"wp-block-image size-large\"><img decoding=\"async\" data-id=\"5178\" src=\"https:\/\/www.patientenbeteiligung.de\/nw\/wp-content\/uploads\/sites\/4\/2023\/10\/IMG_20231021_162206-768x1024.jpg\" alt=\"\" class=\"wp-image-5178\" \/><figcaption class=\"wp-element-caption\">Barrierefreiheit: <br>Themen und Forderungen<\/figcaption><\/figure>\n<\/figure>\n","protected":false},"excerpt":{"rendered":"<p>Am 21. Oktober diskutierten Engagierte aus den Selbsthilfe- und Patientenorganisationen in NRW M\u00f6glichkeiten, die Barrierefreiheit von Arztpraxen gegen\u00fcber Verantwortlichen aus dem Gesundheitswesen zu artikulieren. Die Veranstaltung baute dabei auf den <a href=\"https:\/\/www.patientenbeteiligung.de\/nrw\/2023\/10\/25\/praesenz-fortbildung-barrierefreie-arztpraxen-einfordern\/\">Weiter lesen<\/a><\/p>\n","protected":false},"author":15,"featured_media":0,"comment_status":"closed","ping_status":"open","sticky":false,"template":"","format":"standard","meta":{"_acf_changed":false,"footnotes":""},"categories":[11],"tags":[],"class_list":["post-5175","post","type-post","status-publish","format-standard","hentry","category-neuigkeiten"],"acf":[],"yoast_head":"<!-- This site is optimized with the Yoast SEO plugin v24.9 - https:\/\/yoast.com\/wordpress\/plugins\/seo\/ -->\n<title>Pr\u00e4senz-Fortbildung &quot;Barrierefreie Arztpraxen einfordern&quot; - Patientenbeteiligung NRW<\/title>\n<meta name=\"robots\" content=\"index, follow, max-snippet:-1, max-image-preview:large, max-video-preview:-1\" \/>\n<link rel=\"canonical\" href=\"https:\/\/www.patientenbeteiligung.de\/nrw\/2023\/10\/25\/praesenz-fortbildung-barrierefreie-arztpraxen-einfordern\/\" \/>\n<meta property=\"og:locale\" content=\"de_DE\" \/>\n<meta property=\"og:type\" content=\"article\" \/>\n<meta property=\"og:title\" content=\"Pr\u00e4senz-Fortbildung &quot;Barrierefreie Arztpraxen einfordern&quot; - Patientenbeteiligung NRW\" \/>\n<meta property=\"og:description\" content=\"Am 21. Oktober diskutierten Engagierte aus den Selbsthilfe- und Patientenorganisationen in NRW M\u00f6glichkeiten, die Barrierefreiheit von Arztpraxen gegen\u00fcber Verantwortlichen aus dem Gesundheitswesen zu artikulieren. Die Veranstaltung baute dabei auf den Weiter lesen\" \/>\n<meta property=\"og:url\" content=\"https:\/\/www.patientenbeteiligung.de\/nrw\/2023\/10\/25\/praesenz-fortbildung-barrierefreie-arztpraxen-einfordern\/\" \/>\n<meta property=\"og:site_name\" content=\"Patientenbeteiligung NRW\" \/>\n<meta property=\"article:published_time\" content=\"2023-10-25T10:15:35+00:00\" \/>\n<meta property=\"og:image\" content=\"https:\/\/www.patientenbeteiligung.de\/nw\/wp-content\/uploads\/sites\/4\/2023\/10\/IMG_20231021_154504-1024x768.jpg\" \/>\n<meta name=\"author\" content=\"jankassner758\" \/>\n<meta name=\"twitter:card\" content=\"summary_large_image\" \/>\n<meta name=\"twitter:label1\" content=\"Verfasst von\" \/>\n\t<meta name=\"twitter:data1\" content=\"jankassner758\" \/>\n\t<meta name=\"twitter:label2\" content=\"Gesch\u00e4tzte Lesezeit\" \/>\n\t<meta name=\"twitter:data2\" content=\"2\u00a0Minuten\" \/>\n<script type=\"application\/ld+json\" class=\"yoast-schema-graph\">{\"@context\":\"https:\/\/schema.org\",\"@graph\":[{\"@type\":\"WebPage\",\"@id\":\"https:\/\/www.patientenbeteiligung.de\/nrw\/2023\/10\/25\/praesenz-fortbildung-barrierefreie-arztpraxen-einfordern\/\",\"url\":\"https:\/\/www.patientenbeteiligung.de\/nrw\/2023\/10\/25\/praesenz-fortbildung-barrierefreie-arztpraxen-einfordern\/\",\"name\":\"Pr\u00e4senz-Fortbildung \\\"Barrierefreie Arztpraxen einfordern\\\" - Patientenbeteiligung NRW\",\"isPartOf\":{\"@id\":\"https:\/\/www.patientenbeteiligung.de\/nrw\/#website\"},\"primaryImageOfPage\":{\"@id\":\"https:\/\/www.patientenbeteiligung.de\/nrw\/2023\/10\/25\/praesenz-fortbildung-barrierefreie-arztpraxen-einfordern\/#primaryimage\"},\"image\":{\"@id\":\"https:\/\/www.patientenbeteiligung.de\/nrw\/2023\/10\/25\/praesenz-fortbildung-barrierefreie-arztpraxen-einfordern\/#primaryimage\"},\"thumbnailUrl\":\"https:\/\/www.patientenbeteiligung.de\/nw\/wp-content\/uploads\/sites\/4\/2023\/10\/IMG_20231021_154504-1024x768.jpg\",\"datePublished\":\"2023-10-25T10:15:35+00:00\",\"author\":{\"@id\":\"https:\/\/www.patientenbeteiligung.de\/nrw\/#\/schema\/person\/61a7e43b6e266673ab61b74c387974d1\"},\"breadcrumb\":{\"@id\":\"https:\/\/www.patientenbeteiligung.de\/nrw\/2023\/10\/25\/praesenz-fortbildung-barrierefreie-arztpraxen-einfordern\/#breadcrumb\"},\"inLanguage\":\"de\",\"potentialAction\":[{\"@type\":\"ReadAction\",\"target\":[\"https:\/\/www.patientenbeteiligung.de\/nrw\/2023\/10\/25\/praesenz-fortbildung-barrierefreie-arztpraxen-einfordern\/\"]}]},{\"@type\":\"ImageObject\",\"inLanguage\":\"de\",\"@id\":\"https:\/\/www.patientenbeteiligung.de\/nrw\/2023\/10\/25\/praesenz-fortbildung-barrierefreie-arztpraxen-einfordern\/#primaryimage\",\"url\":\"https:\/\/www.patientenbeteiligung.de\/nw\/wp-content\/uploads\/sites\/4\/2023\/10\/IMG_20231021_154504-1024x768.jpg\",\"contentUrl\":\"https:\/\/www.patientenbeteiligung.de\/nw\/wp-content\/uploads\/sites\/4\/2023\/10\/IMG_20231021_154504-1024x768.jpg\"},{\"@type\":\"BreadcrumbList\",\"@id\":\"https:\/\/www.patientenbeteiligung.de\/nrw\/2023\/10\/25\/praesenz-fortbildung-barrierefreie-arztpraxen-einfordern\/#breadcrumb\",\"itemListElement\":[{\"@type\":\"ListItem\",\"position\":1,\"name\":\"Patientenbeteiligung\",\"item\":\"https:\/\/www.patientenbeteiligung.de\"},{\"@type\":\"ListItem\",\"position\":2,\"name\":\"Nordrhein-Westfalen\",\"item\":\"https:\/\/www.patientenbeteiligung.de\/nrw\/\"},{\"@type\":\"ListItem\",\"position\":3,\"name\":\"Pr\u00e4senz-Fortbildung &#8220;Barrierefreie Arztpraxen einfordern&#8221;\"}]},{\"@type\":\"WebSite\",\"@id\":\"https:\/\/www.patientenbeteiligung.de\/nrw\/#website\",\"url\":\"https:\/\/www.patientenbeteiligung.de\/nrw\/\",\"name\":\"Patientenbeteiligung NRW\",\"description\":\"\",\"potentialAction\":[{\"@type\":\"SearchAction\",\"target\":{\"@type\":\"EntryPoint\",\"urlTemplate\":\"https:\/\/www.patientenbeteiligung.de\/nrw\/?s={search_term_string}\"},\"query-input\":{\"@type\":\"PropertyValueSpecification\",\"valueRequired\":true,\"valueName\":\"search_term_string\"}}],\"inLanguage\":\"de\"},{\"@type\":\"Person\",\"@id\":\"https:\/\/www.patientenbeteiligung.de\/nrw\/#\/schema\/person\/61a7e43b6e266673ab61b74c387974d1\",\"name\":\"jankassner758\",\"url\":\"https:\/\/www.patientenbeteiligung.de\/nrw\/author\/jankassner758\/\"}]}<\/script>\n<!-- \/ Yoast SEO plugin. -->","yoast_head_json":{"title":"Pr\u00e4senz-Fortbildung \"Barrierefreie Arztpraxen einfordern\" - Patientenbeteiligung NRW","robots":{"index":"index","follow":"follow","max-snippet":"max-snippet:-1","max-image-preview":"max-image-preview:large","max-video-preview":"max-video-preview:-1"},"canonical":"https:\/\/www.patientenbeteiligung.de\/nrw\/2023\/10\/25\/praesenz-fortbildung-barrierefreie-arztpraxen-einfordern\/","og_locale":"de_DE","og_type":"article","og_title":"Pr\u00e4senz-Fortbildung \"Barrierefreie Arztpraxen einfordern\" - Patientenbeteiligung NRW","og_description":"Am 21. Oktober diskutierten Engagierte aus den Selbsthilfe- und Patientenorganisationen in NRW M\u00f6glichkeiten, die Barrierefreiheit von Arztpraxen gegen\u00fcber Verantwortlichen aus dem Gesundheitswesen zu artikulieren. Die Veranstaltung baute dabei auf den Weiter lesen","og_url":"https:\/\/www.patientenbeteiligung.de\/nrw\/2023\/10\/25\/praesenz-fortbildung-barrierefreie-arztpraxen-einfordern\/","og_site_name":"Patientenbeteiligung NRW","article_published_time":"2023-10-25T10:15:35+00:00","og_image":[{"url":"https:\/\/www.patientenbeteiligung.de\/nw\/wp-content\/uploads\/sites\/4\/2023\/10\/IMG_20231021_154504-1024x768.jpg","type":"","width":"","height":""}],"author":"jankassner758","twitter_card":"summary_large_image","twitter_misc":{"Verfasst von":"jankassner758","Gesch\u00e4tzte Lesezeit":"2\u00a0Minuten"},"schema":{"@context":"https:\/\/schema.org","@graph":[{"@type":"WebPage","@id":"https:\/\/www.patientenbeteiligung.de\/nrw\/2023\/10\/25\/praesenz-fortbildung-barrierefreie-arztpraxen-einfordern\/","url":"https:\/\/www.patientenbeteiligung.de\/nrw\/2023\/10\/25\/praesenz-fortbildung-barrierefreie-arztpraxen-einfordern\/","name":"Pr\u00e4senz-Fortbildung \"Barrierefreie Arztpraxen einfordern\" - Patientenbeteiligung NRW","isPartOf":{"@id":"https:\/\/www.patientenbeteiligung.de\/nrw\/#website"},"primaryImageOfPage":{"@id":"https:\/\/www.patientenbeteiligung.de\/nrw\/2023\/10\/25\/praesenz-fortbildung-barrierefreie-arztpraxen-einfordern\/#primaryimage"},"image":{"@id":"https:\/\/www.patientenbeteiligung.de\/nrw\/2023\/10\/25\/praesenz-fortbildung-barrierefreie-arztpraxen-einfordern\/#primaryimage"},"thumbnailUrl":"https:\/\/www.patientenbeteiligung.de\/nw\/wp-content\/uploads\/sites\/4\/2023\/10\/IMG_20231021_154504-1024x768.jpg","datePublished":"2023-10-25T10:15:35+00:00","author":{"@id":"https:\/\/www.patientenbeteiligung.de\/nrw\/#\/schema\/person\/61a7e43b6e266673ab61b74c387974d1"},"breadcrumb":{"@id":"https:\/\/www.patientenbeteiligung.de\/nrw\/2023\/10\/25\/praesenz-fortbildung-barrierefreie-arztpraxen-einfordern\/#breadcrumb"},"inLanguage":"de","potentialAction":[{"@type":"ReadAction","target":["https:\/\/www.patientenbeteiligung.de\/nrw\/2023\/10\/25\/praesenz-fortbildung-barrierefreie-arztpraxen-einfordern\/"]}]},{"@type":"ImageObject","inLanguage":"de","@id":"https:\/\/www.patientenbeteiligung.de\/nrw\/2023\/10\/25\/praesenz-fortbildung-barrierefreie-arztpraxen-einfordern\/#primaryimage","url":"https:\/\/www.patientenbeteiligung.de\/nw\/wp-content\/uploads\/sites\/4\/2023\/10\/IMG_20231021_154504-1024x768.jpg","contentUrl":"https:\/\/www.patientenbeteiligung.de\/nw\/wp-content\/uploads\/sites\/4\/2023\/10\/IMG_20231021_154504-1024x768.jpg"},{"@type":"BreadcrumbList","@id":"https:\/\/www.patientenbeteiligung.de\/nrw\/2023\/10\/25\/praesenz-fortbildung-barrierefreie-arztpraxen-einfordern\/#breadcrumb","itemListElement":[{"@type":"ListItem","position":1,"name":"Patientenbeteiligung","item":"https:\/\/www.patientenbeteiligung.de"},{"@type":"ListItem","position":2,"name":"Nordrhein-Westfalen","item":"https:\/\/www.patientenbeteiligung.de\/nrw\/"},{"@type":"ListItem","position":3,"name":"Pr\u00e4senz-Fortbildung &#8220;Barrierefreie Arztpraxen einfordern&#8221;"}]},{"@type":"WebSite","@id":"https:\/\/www.patientenbeteiligung.de\/nrw\/#website","url":"https:\/\/www.patientenbeteiligung.de\/nrw\/","name":"Patientenbeteiligung NRW","description":"","potentialAction":[{"@type":"SearchAction","target":{"@type":"EntryPoint","urlTemplate":"https:\/\/www.patientenbeteiligung.de\/nrw\/?s={search_term_string}"},"query-input":{"@type":"PropertyValueSpecification","valueRequired":true,"valueName":"search_term_string"}}],"inLanguage":"de"},{"@type":"Person","@id":"https:\/\/www.patientenbeteiligung.de\/nrw\/#\/schema\/person\/61a7e43b6e266673ab61b74c387974d1","name":"jankassner758","url":"https:\/\/www.patientenbeteiligung.de\/nrw\/author\/jankassner758\/"}]}},"_links":{"self":[{"href":"https:\/\/www.patientenbeteiligung.de\/nrw\/wp-json\/wp\/v2\/posts\/5175","targetHints":{"allow":["GET"]}}],"collection":[{"href":"https:\/\/www.patientenbeteiligung.de\/nrw\/wp-json\/wp\/v2\/posts"}],"about":[{"href":"https:\/\/www.patientenbeteiligung.de\/nrw\/wp-json\/wp\/v2\/types\/post"}],"author":[{"embeddable":true,"href":"https:\/\/www.patientenbeteiligung.de\/nrw\/wp-json\/wp\/v2\/users\/15"}],"replies":[{"embeddable":true,"href":"https:\/\/www.patientenbeteiligung.de\/nrw\/wp-json\/wp\/v2\/comments?post=5175"}],"version-history":[{"count":0,"href":"https:\/\/www.patientenbeteiligung.de\/nrw\/wp-json\/wp\/v2\/posts\/5175\/revisions"}],"wp:attachment":[{"href":"https:\/\/www.patientenbeteiligung.de\/nrw\/wp-json\/wp\/v2\/media?parent=5175"}],"wp:term":[{"taxonomy":"category","embeddable":true,"href":"https:\/\/www.patientenbeteiligung.de\/nrw\/wp-json\/wp\/v2\/categories?post=5175"},{"taxonomy":"post_tag","embeddable":true,"href":"https:\/\/www.patientenbeteiligung.de\/nrw\/wp-json\/wp\/v2\/tags?post=5175"}],"curies":[{"name":"wp","href":"https:\/\/api.w.org\/{rel}","templated":true}]}}