{"id":4638,"date":"2022-11-25T13:33:15","date_gmt":"2022-11-25T12:33:15","guid":{"rendered":"https:\/\/www.patientenbeteiligung.de\/nw\/?p=4638"},"modified":"2022-11-25T13:33:15","modified_gmt":"2022-11-25T12:33:15","slug":"rueckblick-jahrestagung-in-der-kommune-geht-was","status":"publish","type":"post","link":"https:\/\/www.patientenbeteiligung.de\/nrw\/2022\/11\/25\/rueckblick-jahrestagung-in-der-kommune-geht-was\/","title":{"rendered":"R\u00fcckblick Jahrestagung: In der Kommune geht was!"},"content":{"rendered":"\n<p>Auf unserer Jahrestagung <em>In der Kommune geht was! Kommunale Patientenvertretung st\u00e4rken <\/em>diskutierten am 18. November rund f\u00fcnfzig Teilnehmende \u00fcber die M\u00f6glichkeiten, Patienteninteressen in den Kommunen durchzusetzen und die Patientenvertretung in den St\u00e4dten und Gemeinden von NRW zu f\u00f6rdern.<\/p>\n<p>Im August und September organisierte die Koordinierungs- und Vernetzungsstelle in den f\u00fcnf Regierungsbezirken von NRW regionale Austauschreffen f\u00fcr kommunale Patientenvertreter*innen. Im Mittelpunkt stand dabei das Engagement in den gesundheitspolitischen Gremien. Die Ergebnisse dieser Regionalkonferenzen bildeten die inhaltliche Grundlage f\u00fcr die Jahrestagung.<\/p>\n<p><img loading=\"lazy\" decoding=\"async\" class=\"alignright wp-image-4640\" src=\"https:\/\/www.patientenbeteiligung.de\/nw\/wp-content\/uploads\/sites\/4\/2022\/11\/P1060197-300x225.jpg\" alt=\"\" width=\"232\" height=\"174\" \/><\/p>\n\n\n\n<p>Die Jahrestagung wurde hybrid umgesetzt: Die Teilnehmenden konnten zuhause \u00fcber den Livestream oder vor Ort im Dortmunder Reinoldinum mitdiskutieren. Am Vormittag reflektierten die Teilnehmenden in vier verschiedenen Workshops, von denen zwei digital abgehalten wurden, die Ergebnisse der Regionalkonferenzen im Hinblick auf<\/p>\n\n\n\n<p><\/p>\n\n\n\n<ul>\n<li>die relevanten Themen in der kommunalen Gesundheitspolitik<\/li>\n<li>die M\u00f6glichkeiten, Interessierte als Patientenvertreter*innen f\u00fcr Kommunale Gesundheitskonferenzen zu gewinnen<\/li>\n<li>die Erfolgsfaktoren f\u00fcr die Themenplatzierung von Patienteninteressen<\/li>\n<li>die Gestaltung der kommunalen Krankenhausplanung<\/li>\n<\/ul>\n\n\n\n<p><\/p>\n\n\n\n<p>Am Nachmittag stellten die Moderator*innen der Workshops die Ergebnisse vor. <img loading=\"lazy\" decoding=\"async\" class=\"wp-image-4641 alignleft\" src=\"https:\/\/www.patientenbeteiligung.de\/nw\/wp-content\/uploads\/sites\/4\/2022\/11\/P1060226-300x225.jpg\" alt=\"\" width=\"251\" height=\"188\" \/>Die Perspektiven aus der Praxis erg\u00e4nzte Prof. Dr. Benjamin Ewert von der Hochschule Fulda mit einem Vortrag zur politisch wirksamen Vertretung von Patienteninteressen. Zu Beginn wurden die Teilnehmenden vor Ort und im Livestream dazu eingeladen, ihre Assoziationen zur Patientenvertretung \u00fcber ein Online-Tool mitzuteilen. Der Kampf des Davids gegen Goliath war ein Stichwort, das die Teilnehmenden in der anschlie\u00dfenden Podiumsdiskussion engagiert diskutierten. Moderiert wurde die Diskussion von Dr. Sabine Schippert (DMSG NRW), die sich zum Abschluss der Jahrestagung f\u00fcr die rege und engagierte Teilnahme sowohl vor Ort als auch im Livestream bedankte.<\/p>\n<p>Den ausf\u00fchrlichen Bericht zur Jahrestagung wie auch die Aufzeichnung der Veranstaltung finden Sie demn\u00e4chst auf unserer Homepage!<\/p>\n\n\n\n<figure class=\"wp-block-gallery has-nested-images columns-default is-cropped wp-block-gallery-1 is-layout-flex wp-block-gallery-is-layout-flex\">\n<figure class=\"wp-block-image size-large\"><img decoding=\"async\" data-id=\"4647\" src=\"https:\/\/www.patientenbeteiligung.de\/nw\/wp-content\/uploads\/sites\/4\/2022\/11\/P1060158-1-1024x769.jpg\" alt=\"\" class=\"wp-image-4647\" \/><\/figure>\n\n\n\n<figure class=\"wp-block-image size-large\"><img decoding=\"async\" data-id=\"4643\" src=\"https:\/\/www.patientenbeteiligung.de\/nw\/wp-content\/uploads\/sites\/4\/2022\/11\/P1060166-1024x769.jpg\" alt=\"\" class=\"wp-image-4643\" \/><\/figure>\n\n\n\n<figure class=\"wp-block-image size-large\"><img decoding=\"async\" data-id=\"4644\" src=\"https:\/\/www.patientenbeteiligung.de\/nw\/wp-content\/uploads\/sites\/4\/2022\/11\/P1060228-1024x769.jpg\" alt=\"\" class=\"wp-image-4644\" \/><\/figure>\n\n\n\n<figure class=\"wp-block-image size-large\"><img decoding=\"async\" data-id=\"4646\" src=\"https:\/\/www.patientenbeteiligung.de\/nw\/wp-content\/uploads\/sites\/4\/2022\/11\/P1060232-1-1024x769.jpg\" alt=\"\" class=\"wp-image-4646\" \/><\/figure>\n\n\n\n<figure class=\"wp-block-image size-large\"><img decoding=\"async\" data-id=\"4645\" src=\"https:\/\/www.patientenbeteiligung.de\/nw\/wp-content\/uploads\/sites\/4\/2022\/11\/P1060239-769x1024.jpg\" alt=\"\" class=\"wp-image-4645\" \/><\/figure>\n<\/figure>\n","protected":false},"excerpt":{"rendered":"<p>Auf unserer Jahrestagung In der Kommune geht was! Kommunale Patientenvertretung st\u00e4rken diskutierten am 18. November rund f\u00fcnfzig Teilnehmende \u00fcber die M\u00f6glichkeiten, Patienteninteressen in den Kommunen durchzusetzen und die Patientenvertretung in <a href=\"https:\/\/www.patientenbeteiligung.de\/nrw\/2022\/11\/25\/rueckblick-jahrestagung-in-der-kommune-geht-was\/\">Weiter lesen<\/a><\/p>\n","protected":false},"author":15,"featured_media":0,"comment_status":"closed","ping_status":"open","sticky":false,"template":"","format":"standard","meta":{"_acf_changed":false,"footnotes":""},"categories":[11],"tags":[],"class_list":["post-4638","post","type-post","status-publish","format-standard","hentry","category-neuigkeiten"],"acf":[],"yoast_head":"<!-- This site is optimized with the Yoast SEO plugin v24.9 - https:\/\/yoast.com\/wordpress\/plugins\/seo\/ -->\n<title>R\u00fcckblick Jahrestagung: In der Kommune geht was! - Patientenbeteiligung NRW<\/title>\n<meta name=\"robots\" content=\"index, follow, max-snippet:-1, max-image-preview:large, max-video-preview:-1\" \/>\n<link rel=\"canonical\" href=\"https:\/\/www.patientenbeteiligung.de\/nrw\/2022\/11\/25\/rueckblick-jahrestagung-in-der-kommune-geht-was\/\" \/>\n<meta property=\"og:locale\" content=\"de_DE\" \/>\n<meta property=\"og:type\" content=\"article\" \/>\n<meta property=\"og:title\" content=\"R\u00fcckblick Jahrestagung: In der Kommune geht was! - Patientenbeteiligung NRW\" \/>\n<meta property=\"og:description\" content=\"Auf unserer Jahrestagung In der Kommune geht was! Kommunale Patientenvertretung st\u00e4rken diskutierten am 18. November rund f\u00fcnfzig Teilnehmende \u00fcber die M\u00f6glichkeiten, Patienteninteressen in den Kommunen durchzusetzen und die Patientenvertretung in Weiter lesen\" \/>\n<meta property=\"og:url\" content=\"https:\/\/www.patientenbeteiligung.de\/nrw\/2022\/11\/25\/rueckblick-jahrestagung-in-der-kommune-geht-was\/\" \/>\n<meta property=\"og:site_name\" content=\"Patientenbeteiligung NRW\" \/>\n<meta property=\"article:published_time\" content=\"2022-11-25T12:33:15+00:00\" \/>\n<meta property=\"og:image\" content=\"https:\/\/www.patientenbeteiligung.de\/nw\/wp-content\/uploads\/sites\/4\/2022\/11\/P1060197-300x225.jpg\" \/>\n<meta name=\"author\" content=\"jankassner758\" \/>\n<meta name=\"twitter:card\" content=\"summary_large_image\" \/>\n<meta name=\"twitter:label1\" content=\"Verfasst von\" \/>\n\t<meta name=\"twitter:data1\" content=\"jankassner758\" \/>\n\t<meta name=\"twitter:label2\" content=\"Gesch\u00e4tzte Lesezeit\" \/>\n\t<meta name=\"twitter:data2\" content=\"3\u00a0Minuten\" \/>\n<script type=\"application\/ld+json\" class=\"yoast-schema-graph\">{\"@context\":\"https:\/\/schema.org\",\"@graph\":[{\"@type\":\"WebPage\",\"@id\":\"https:\/\/www.patientenbeteiligung.de\/nrw\/2022\/11\/25\/rueckblick-jahrestagung-in-der-kommune-geht-was\/\",\"url\":\"https:\/\/www.patientenbeteiligung.de\/nrw\/2022\/11\/25\/rueckblick-jahrestagung-in-der-kommune-geht-was\/\",\"name\":\"R\u00fcckblick Jahrestagung: In der Kommune geht was! - Patientenbeteiligung NRW\",\"isPartOf\":{\"@id\":\"https:\/\/www.patientenbeteiligung.de\/nrw\/#website\"},\"primaryImageOfPage\":{\"@id\":\"https:\/\/www.patientenbeteiligung.de\/nrw\/2022\/11\/25\/rueckblick-jahrestagung-in-der-kommune-geht-was\/#primaryimage\"},\"image\":{\"@id\":\"https:\/\/www.patientenbeteiligung.de\/nrw\/2022\/11\/25\/rueckblick-jahrestagung-in-der-kommune-geht-was\/#primaryimage\"},\"thumbnailUrl\":\"https:\/\/www.patientenbeteiligung.de\/nw\/wp-content\/uploads\/sites\/4\/2022\/11\/P1060197-300x225.jpg\",\"datePublished\":\"2022-11-25T12:33:15+00:00\",\"author\":{\"@id\":\"https:\/\/www.patientenbeteiligung.de\/nrw\/#\/schema\/person\/61a7e43b6e266673ab61b74c387974d1\"},\"breadcrumb\":{\"@id\":\"https:\/\/www.patientenbeteiligung.de\/nrw\/2022\/11\/25\/rueckblick-jahrestagung-in-der-kommune-geht-was\/#breadcrumb\"},\"inLanguage\":\"de\",\"potentialAction\":[{\"@type\":\"ReadAction\",\"target\":[\"https:\/\/www.patientenbeteiligung.de\/nrw\/2022\/11\/25\/rueckblick-jahrestagung-in-der-kommune-geht-was\/\"]}]},{\"@type\":\"ImageObject\",\"inLanguage\":\"de\",\"@id\":\"https:\/\/www.patientenbeteiligung.de\/nrw\/2022\/11\/25\/rueckblick-jahrestagung-in-der-kommune-geht-was\/#primaryimage\",\"url\":\"https:\/\/www.patientenbeteiligung.de\/nw\/wp-content\/uploads\/sites\/4\/2022\/11\/P1060197-300x225.jpg\",\"contentUrl\":\"https:\/\/www.patientenbeteiligung.de\/nw\/wp-content\/uploads\/sites\/4\/2022\/11\/P1060197-300x225.jpg\"},{\"@type\":\"BreadcrumbList\",\"@id\":\"https:\/\/www.patientenbeteiligung.de\/nrw\/2022\/11\/25\/rueckblick-jahrestagung-in-der-kommune-geht-was\/#breadcrumb\",\"itemListElement\":[{\"@type\":\"ListItem\",\"position\":1,\"name\":\"Patientenbeteiligung\",\"item\":\"https:\/\/www.patientenbeteiligung.de\"},{\"@type\":\"ListItem\",\"position\":2,\"name\":\"Nordrhein-Westfalen\",\"item\":\"https:\/\/www.patientenbeteiligung.de\/nrw\/\"},{\"@type\":\"ListItem\",\"position\":3,\"name\":\"R\u00fcckblick Jahrestagung: In der Kommune geht was!\"}]},{\"@type\":\"WebSite\",\"@id\":\"https:\/\/www.patientenbeteiligung.de\/nrw\/#website\",\"url\":\"https:\/\/www.patientenbeteiligung.de\/nrw\/\",\"name\":\"Patientenbeteiligung NRW\",\"description\":\"\",\"potentialAction\":[{\"@type\":\"SearchAction\",\"target\":{\"@type\":\"EntryPoint\",\"urlTemplate\":\"https:\/\/www.patientenbeteiligung.de\/nrw\/?s={search_term_string}\"},\"query-input\":{\"@type\":\"PropertyValueSpecification\",\"valueRequired\":true,\"valueName\":\"search_term_string\"}}],\"inLanguage\":\"de\"},{\"@type\":\"Person\",\"@id\":\"https:\/\/www.patientenbeteiligung.de\/nrw\/#\/schema\/person\/61a7e43b6e266673ab61b74c387974d1\",\"name\":\"jankassner758\",\"url\":\"https:\/\/www.patientenbeteiligung.de\/nrw\/author\/jankassner758\/\"}]}<\/script>\n<!-- \/ Yoast SEO plugin. -->","yoast_head_json":{"title":"R\u00fcckblick Jahrestagung: In der Kommune geht was! - Patientenbeteiligung NRW","robots":{"index":"index","follow":"follow","max-snippet":"max-snippet:-1","max-image-preview":"max-image-preview:large","max-video-preview":"max-video-preview:-1"},"canonical":"https:\/\/www.patientenbeteiligung.de\/nrw\/2022\/11\/25\/rueckblick-jahrestagung-in-der-kommune-geht-was\/","og_locale":"de_DE","og_type":"article","og_title":"R\u00fcckblick Jahrestagung: In der Kommune geht was! - Patientenbeteiligung NRW","og_description":"Auf unserer Jahrestagung In der Kommune geht was! Kommunale Patientenvertretung st\u00e4rken diskutierten am 18. November rund f\u00fcnfzig Teilnehmende \u00fcber die M\u00f6glichkeiten, Patienteninteressen in den Kommunen durchzusetzen und die Patientenvertretung in Weiter lesen","og_url":"https:\/\/www.patientenbeteiligung.de\/nrw\/2022\/11\/25\/rueckblick-jahrestagung-in-der-kommune-geht-was\/","og_site_name":"Patientenbeteiligung NRW","article_published_time":"2022-11-25T12:33:15+00:00","og_image":[{"url":"https:\/\/www.patientenbeteiligung.de\/nw\/wp-content\/uploads\/sites\/4\/2022\/11\/P1060197-300x225.jpg","type":"","width":"","height":""}],"author":"jankassner758","twitter_card":"summary_large_image","twitter_misc":{"Verfasst von":"jankassner758","Gesch\u00e4tzte Lesezeit":"3\u00a0Minuten"},"schema":{"@context":"https:\/\/schema.org","@graph":[{"@type":"WebPage","@id":"https:\/\/www.patientenbeteiligung.de\/nrw\/2022\/11\/25\/rueckblick-jahrestagung-in-der-kommune-geht-was\/","url":"https:\/\/www.patientenbeteiligung.de\/nrw\/2022\/11\/25\/rueckblick-jahrestagung-in-der-kommune-geht-was\/","name":"R\u00fcckblick Jahrestagung: In der Kommune geht was! - Patientenbeteiligung NRW","isPartOf":{"@id":"https:\/\/www.patientenbeteiligung.de\/nrw\/#website"},"primaryImageOfPage":{"@id":"https:\/\/www.patientenbeteiligung.de\/nrw\/2022\/11\/25\/rueckblick-jahrestagung-in-der-kommune-geht-was\/#primaryimage"},"image":{"@id":"https:\/\/www.patientenbeteiligung.de\/nrw\/2022\/11\/25\/rueckblick-jahrestagung-in-der-kommune-geht-was\/#primaryimage"},"thumbnailUrl":"https:\/\/www.patientenbeteiligung.de\/nw\/wp-content\/uploads\/sites\/4\/2022\/11\/P1060197-300x225.jpg","datePublished":"2022-11-25T12:33:15+00:00","author":{"@id":"https:\/\/www.patientenbeteiligung.de\/nrw\/#\/schema\/person\/61a7e43b6e266673ab61b74c387974d1"},"breadcrumb":{"@id":"https:\/\/www.patientenbeteiligung.de\/nrw\/2022\/11\/25\/rueckblick-jahrestagung-in-der-kommune-geht-was\/#breadcrumb"},"inLanguage":"de","potentialAction":[{"@type":"ReadAction","target":["https:\/\/www.patientenbeteiligung.de\/nrw\/2022\/11\/25\/rueckblick-jahrestagung-in-der-kommune-geht-was\/"]}]},{"@type":"ImageObject","inLanguage":"de","@id":"https:\/\/www.patientenbeteiligung.de\/nrw\/2022\/11\/25\/rueckblick-jahrestagung-in-der-kommune-geht-was\/#primaryimage","url":"https:\/\/www.patientenbeteiligung.de\/nw\/wp-content\/uploads\/sites\/4\/2022\/11\/P1060197-300x225.jpg","contentUrl":"https:\/\/www.patientenbeteiligung.de\/nw\/wp-content\/uploads\/sites\/4\/2022\/11\/P1060197-300x225.jpg"},{"@type":"BreadcrumbList","@id":"https:\/\/www.patientenbeteiligung.de\/nrw\/2022\/11\/25\/rueckblick-jahrestagung-in-der-kommune-geht-was\/#breadcrumb","itemListElement":[{"@type":"ListItem","position":1,"name":"Patientenbeteiligung","item":"https:\/\/www.patientenbeteiligung.de"},{"@type":"ListItem","position":2,"name":"Nordrhein-Westfalen","item":"https:\/\/www.patientenbeteiligung.de\/nrw\/"},{"@type":"ListItem","position":3,"name":"R\u00fcckblick Jahrestagung: In der Kommune geht was!"}]},{"@type":"WebSite","@id":"https:\/\/www.patientenbeteiligung.de\/nrw\/#website","url":"https:\/\/www.patientenbeteiligung.de\/nrw\/","name":"Patientenbeteiligung NRW","description":"","potentialAction":[{"@type":"SearchAction","target":{"@type":"EntryPoint","urlTemplate":"https:\/\/www.patientenbeteiligung.de\/nrw\/?s={search_term_string}"},"query-input":{"@type":"PropertyValueSpecification","valueRequired":true,"valueName":"search_term_string"}}],"inLanguage":"de"},{"@type":"Person","@id":"https:\/\/www.patientenbeteiligung.de\/nrw\/#\/schema\/person\/61a7e43b6e266673ab61b74c387974d1","name":"jankassner758","url":"https:\/\/www.patientenbeteiligung.de\/nrw\/author\/jankassner758\/"}]}},"_links":{"self":[{"href":"https:\/\/www.patientenbeteiligung.de\/nrw\/wp-json\/wp\/v2\/posts\/4638","targetHints":{"allow":["GET"]}}],"collection":[{"href":"https:\/\/www.patientenbeteiligung.de\/nrw\/wp-json\/wp\/v2\/posts"}],"about":[{"href":"https:\/\/www.patientenbeteiligung.de\/nrw\/wp-json\/wp\/v2\/types\/post"}],"author":[{"embeddable":true,"href":"https:\/\/www.patientenbeteiligung.de\/nrw\/wp-json\/wp\/v2\/users\/15"}],"replies":[{"embeddable":true,"href":"https:\/\/www.patientenbeteiligung.de\/nrw\/wp-json\/wp\/v2\/comments?post=4638"}],"version-history":[{"count":0,"href":"https:\/\/www.patientenbeteiligung.de\/nrw\/wp-json\/wp\/v2\/posts\/4638\/revisions"}],"wp:attachment":[{"href":"https:\/\/www.patientenbeteiligung.de\/nrw\/wp-json\/wp\/v2\/media?parent=4638"}],"wp:term":[{"taxonomy":"category","embeddable":true,"href":"https:\/\/www.patientenbeteiligung.de\/nrw\/wp-json\/wp\/v2\/categories?post=4638"},{"taxonomy":"post_tag","embeddable":true,"href":"https:\/\/www.patientenbeteiligung.de\/nrw\/wp-json\/wp\/v2\/tags?post=4638"}],"curies":[{"name":"wp","href":"https:\/\/api.w.org\/{rel}","templated":true}]}}