{"id":861,"date":"2024-09-24T10:15:22","date_gmt":"2024-09-24T08:15:22","guid":{"rendered":"https:\/\/www.patientenbeteiligung.de\/brandenburg\/?p=861"},"modified":"2024-09-24T11:40:44","modified_gmt":"2024-09-24T09:40:44","slug":"pressemitteilung-des-brandenburger-gesundheitsministeriums","status":"publish","type":"post","link":"https:\/\/www.patientenbeteiligung.de\/brandenburg\/2024\/09\/24\/pressemitteilung-des-brandenburger-gesundheitsministeriums\/","title":{"rendered":"Pressemitteilung des Brandenburger Gesundheitsministeriums"},"content":{"rendered":"\n<p><\/p>\n\n\n\n<p><strong>Pressemitteilung<\/strong><\/p>\n\n\n\n<p>Nr.: 163\/2024&nbsp;&nbsp;&nbsp;&nbsp;&nbsp;&nbsp;&nbsp;&nbsp;&nbsp;&nbsp;&nbsp;&nbsp;&nbsp;&nbsp;&nbsp;&nbsp;&nbsp;&nbsp;&nbsp;&nbsp;&nbsp;&nbsp;&nbsp;&nbsp;&nbsp;&nbsp;&nbsp;&nbsp;&nbsp;&nbsp;&nbsp;&nbsp;&nbsp;&nbsp;&nbsp;&nbsp;&nbsp;&nbsp;&nbsp;&nbsp;&nbsp;&nbsp;&nbsp;&nbsp;&nbsp;&nbsp;&nbsp;&nbsp;&nbsp;&nbsp;&nbsp;&nbsp;&nbsp;&nbsp;&nbsp;&nbsp;&nbsp;&nbsp;&nbsp;&nbsp;&nbsp;&nbsp;&nbsp;&nbsp;&nbsp;&nbsp;&nbsp;&nbsp;&nbsp;&nbsp;&nbsp;&nbsp;&nbsp;<\/p>\n\n\n\n<p>Potsdam, 20. September 2024<\/p>\n\n\n\n<p><strong>Bund soll Rahmen f\u00fcr sektoren\u00fcbergreifende regionale medizinische Versorgung schaffen<\/strong><\/p>\n\n\n\n<p><strong>Arbeitssitzung des gemeinsamen Landesgremiums nach \u00a7 90a SGB V<\/strong><\/p>\n\n\n\n<p><strong>Zur Sicherstellung einer fl\u00e4chendeckenden, qualitativ hochwertigen medizinischen Versorgung in Brandenburg fordert das gemeinsame Landesgremium nach \u00a7 90a SGB V vom Bund gesetzliche Regelungen, um die ambulante und die station\u00e4re Versorgung besser miteinander zu verzahnen. Der Bund m\u00fcsse \u201ez\u00fcgig \u00fcber die laufenden Gesetzgebungsverfahren einen Instrumentenkasten f\u00fcr eine regional, vernetzte, sektoren\u00fcbergreifende Versorgung schaffen\u201c, erkl\u00e4rte das Gremium nach einer Sitzung auf Arbeitsebene am heutigen Freitag (20. September) in Potsdam. Mitglieder sind neben dem Gesundheitsministerium, die Kassen\u00e4rztliche Vereinigung Brandenburg (KVBB), die Landesverb\u00e4nde der Krankenkassen sowie die Ersatzkassen, die Landeskrankenhausgesellschaft Brandenburg und die kommunalen Spitzenverb\u00e4nde in Brandenburg.<\/strong><strong><\/strong><\/p>\n\n\n\n<p><strong>Gesundheitsministerin Ursula Nonnemacher <\/strong>sagte dazu: \u201eF\u00fcr eine qualitativ hochwertige medizinische Versorgung, die effizient ist und gleichzeitig f\u00fcr alle Brandenburgerinnen und Brandenburger gut erreichbar ist, m\u00fcssen wir <strong>station\u00e4re und ambulante Versorgung konsequent zusammen denken<\/strong>. Eine sektoren\u00fcbergreifende, auf Kooperation ausgelegte Versorgungsplanung, gerade in Fl\u00e4chenl\u00e4ndern wie Brandenburg, ist der Schl\u00fcssel zu einer zukunftsf\u00e4higen regionalen medizinischen Versorgung und zur Sicherung von Behandlungsstandorten. Ich appelliere daher ebenfalls an den Bund, so rasch wie m\u00f6glich die notwendigen gesetzlichen Rahmenbedingungen daf\u00fcr herzustellen.\u201c<\/p>\n\n\n\n<p>F\u00fcr den Fall, dass die Bundesregierung diesen Schritt nicht geht, unterst\u00fctzt das Landesgremium den <strong>Einstieg in eine strukturierte sektoren\u00fcbergreifende und regionale Versorgungsplanung auf Landesebene<\/strong>. Das Gremium fordert den Landesgesetzgeber der neuen Legislaturperiode auf, in diesem Zusammenhang die weitere Finanzierung des Projekts der \u201eVersorgungsbedarfsanalysen im Land Brandenburg\u201c, die von der Wirtschaftsf\u00f6rderung Brandenburg beauftragt und durch die Forschungsinstitute IGES und AGENON umgesetzt werden, f\u00fcr das Haushaltsjahr 2025 einzuplanen. <strong>Die Analysen liefern eine datengest\u00fctzte Grundlage f\u00fcr die zuk\u00fcnftige sektoren\u00fcbergreifende Planung.<\/strong> Die aktive Einbindung lokaler Akteurinnen und Akteure in diesen Prozess ist entscheidend, um gemeinsam praxisnahe und passgenaue L\u00f6sungen f\u00fcr die regionale Versorgung zu entwickeln.<\/p>\n\n\n\n<p>Mehr zu den <strong>Versorgungsbedarfsanalysen<\/strong>: <a href=\"https:\/\/www.nppv-iges.de\/\">https:\/\/www.nppv-iges.de\/<\/a><\/p>\n\n\n\n<p><strong>Hintergrund<\/strong><\/p>\n\n\n\n<p>Bundesweit k\u00f6nnen die L\u00e4nder nach \u00a7 90a SGB V Gremien bilden, um sektoren\u00fcbergreifende Versorgungsfragen zu beraten und entsprechende Empfehlungen zu geben. In Brandenburg gibt es dieses 90a-Gremium seit dem Jahr 2014.<\/p>\n\n\n\n<p>St\u00e4ndige Mitglieder des gemeinsamen Landesgremiums in Brandenburg sind das Gesundheitsministerium, die Kassen\u00e4rztliche Vereinigung Brandenburg, die Landesverb\u00e4nde der Krankenkassen sowie die Ersatzkassen, die Landeskrankenhausgesellschaft und die kommunalen Spitzenverb\u00e4nde. Dar\u00fcber hinaus haben die in Brandenburg f\u00fcr die Wahrnehmung der Interessen der Patientinnen und Patienten und der Selbsthilfe chronisch kranker und behinderter Menschen ma\u00dfgeblichen Organisationen, die Landes\u00e4rztekammer Brandenburg, die Ostdeutsche Psychotherapeutenkammer und die auf Landesebene f\u00fcr die Wahrnehmung der Interessen der Pflegeberufe ma\u00dfgebliche Dachorganisation ein Mitberatungsrecht.<\/p>\n\n\n\n<p>Ziel des gemeinsamen Landesgremiums ist es, aktuelle Herausforderungen und <strong>regionale Versorgungsbed\u00fcrfnisse im Gesundheitsbereich<\/strong> in den Fokus zu nehmen und daf\u00fcr passende L\u00f6sungen auf den Weg zu bringen.<\/p>\n\n\n\n<p>Weitere Informationen: <a href=\"https:\/\/msgiv.brandenburg.de\/msgiv\/de\/themen\/gesundheit\/gesundheitliche-versorgung\/gremium-nach-90a\/\">https:\/\/msgiv.brandenburg.de\/msgiv\/de\/themen\/gesundheit\/gesundheitliche-versorgung\/gremium-nach-90a\/<\/a><\/p>\n\n\n\n<p>Mit freundlichen Gr\u00fc\u00dfen<\/p>\n\n\n\n<p>Ministerium f\u00fcr Soziales, Gesundheit, Integration und Verbraucherschutz des Landes Brandenburg<\/p>\n\n\n\n<p>Pressestelle<\/p>\n\n\n\n<p>Henning-von-Tresckow-Stra\u00dfe 2-13<\/p>\n\n\n\n<p>14467 Potsdam<\/p>\n\n\n\n<p>Tel: 0331 866-5044<\/p>\n\n\n\n<p>Internet: <a href=\"https:\/\/msgiv.brandenburg.de\">https:\/\/msgiv.brandenburg.de<\/a><\/p>\n\n\n\n<p><\/p>\n","protected":false},"excerpt":{"rendered":"<p>Pressemitteilung Nr.: 163\/2024&nbsp;&nbsp;&nbsp;&nbsp;&nbsp;&nbsp;&nbsp;&nbsp;&nbsp;&nbsp;&nbsp;&nbsp;&nbsp;&nbsp;&nbsp;&nbsp;&nbsp;&nbsp;&nbsp;&nbsp;&nbsp;&nbsp;&nbsp;&nbsp;&nbsp;&nbsp;&nbsp;&nbsp;&nbsp;&nbsp;&nbsp;&nbsp;&nbsp;&nbsp;&nbsp;&nbsp;&nbsp;&nbsp;&nbsp;&nbsp;&nbsp;&nbsp;&nbsp;&nbsp;&nbsp;&nbsp;&nbsp;&nbsp;&nbsp;&nbsp;&nbsp;&nbsp;&nbsp;&nbsp;&nbsp;&nbsp;&nbsp;&nbsp;&nbsp;&nbsp;&nbsp;&nbsp;&nbsp;&nbsp;&nbsp;&nbsp;&nbsp;&nbsp;&nbsp;&nbsp;&nbsp;&nbsp;&nbsp; Potsdam, 20. September 2024 Bund soll Rahmen f\u00fcr sektoren\u00fcbergreifende regionale medizinische Versorgung schaffen Arbeitssitzung des gemeinsamen Landesgremiums nach \u00a7 90a SGB V Zur Sicherstellung einer fl\u00e4chendeckenden, qualitativ hochwertigen medizinischen Versorgung in Brandenburg fordert das gemeinsame Landesgremium nach \u00a7 90a SGB V vom Bund gesetzliche Regelungen, um die [&hellip;]<\/p>\n","protected":false},"author":14,"featured_media":0,"comment_status":"closed","ping_status":"closed","sticky":false,"template":"","format":"standard","meta":{"_acf_changed":false,"footnotes":""},"categories":[3],"tags":[],"class_list":["post-861","post","type-post","status-publish","format-standard","hentry","category-meldungen"],"acf":[],"yoast_head":"<!-- This site is optimized with the Yoast SEO plugin v24.9 - https:\/\/yoast.com\/wordpress\/plugins\/seo\/ -->\n<title>Pressemitteilung des Brandenburger Gesundheitsministeriums - Brandenburg<\/title>\n<meta name=\"description\" content=\"Zur Sicherstellung einer fl\u00e4chendeckenden, qualitativ hochwertigen medizinischen Versorgung in Brandenburg fordert das gemeinsame Landesgremium nach \u00a7 90a SGB V vom Bund gesetzliche Regelungen, um die ambulante und die station\u00e4re Versorgung besser miteinander zu verzahnen\" \/>\n<meta name=\"robots\" content=\"index, follow, max-snippet:-1, max-image-preview:large, max-video-preview:-1\" \/>\n<link rel=\"canonical\" href=\"https:\/\/www.patientenbeteiligung.de\/brandenburg\/2024\/09\/24\/pressemitteilung-des-brandenburger-gesundheitsministeriums\/\" \/>\n<meta property=\"og:locale\" content=\"de_DE\" \/>\n<meta property=\"og:type\" content=\"article\" \/>\n<meta property=\"og:title\" content=\"Pressemitteilung des Brandenburger Gesundheitsministeriums - Brandenburg\" \/>\n<meta property=\"og:description\" content=\"Zur Sicherstellung einer fl\u00e4chendeckenden, qualitativ hochwertigen medizinischen Versorgung in Brandenburg fordert das gemeinsame Landesgremium nach \u00a7 90a SGB V vom Bund gesetzliche Regelungen, um die ambulante und die station\u00e4re Versorgung besser miteinander zu verzahnen\" \/>\n<meta property=\"og:url\" content=\"https:\/\/www.patientenbeteiligung.de\/brandenburg\/2024\/09\/24\/pressemitteilung-des-brandenburger-gesundheitsministeriums\/\" \/>\n<meta property=\"og:site_name\" content=\"Brandenburg\" \/>\n<meta property=\"article:published_time\" content=\"2024-09-24T08:15:22+00:00\" \/>\n<meta property=\"article:modified_time\" content=\"2024-09-24T09:40:44+00:00\" \/>\n<meta name=\"author\" content=\"patbrandenburgadmin\" \/>\n<meta name=\"twitter:card\" content=\"summary_large_image\" \/>\n<meta name=\"twitter:label1\" content=\"Verfasst von\" \/>\n\t<meta name=\"twitter:data1\" content=\"patbrandenburgadmin\" \/>\n\t<meta name=\"twitter:label2\" content=\"Gesch\u00e4tzte Lesezeit\" \/>\n\t<meta name=\"twitter:data2\" content=\"3\u00a0Minuten\" \/>\n<script type=\"application\/ld+json\" class=\"yoast-schema-graph\">{\"@context\":\"https:\/\/schema.org\",\"@graph\":[{\"@type\":\"WebPage\",\"@id\":\"https:\/\/www.patientenbeteiligung.de\/brandenburg\/2024\/09\/24\/pressemitteilung-des-brandenburger-gesundheitsministeriums\/\",\"url\":\"https:\/\/www.patientenbeteiligung.de\/brandenburg\/2024\/09\/24\/pressemitteilung-des-brandenburger-gesundheitsministeriums\/\",\"name\":\"Pressemitteilung des Brandenburger Gesundheitsministeriums - Brandenburg\",\"isPartOf\":{\"@id\":\"https:\/\/www.patientenbeteiligung.de\/brandenburg\/#website\"},\"datePublished\":\"2024-09-24T08:15:22+00:00\",\"dateModified\":\"2024-09-24T09:40:44+00:00\",\"author\":{\"@id\":\"https:\/\/www.patientenbeteiligung.de\/brandenburg\/#\/schema\/person\/02701e7f682c88e76b9f4e0b038ad3f3\"},\"description\":\"Zur Sicherstellung einer fl\u00e4chendeckenden, qualitativ hochwertigen medizinischen Versorgung in Brandenburg fordert das gemeinsame Landesgremium nach \u00a7 90a SGB V vom Bund gesetzliche Regelungen, um die ambulante und die station\u00e4re Versorgung besser miteinander zu verzahnen\",\"breadcrumb\":{\"@id\":\"https:\/\/www.patientenbeteiligung.de\/brandenburg\/2024\/09\/24\/pressemitteilung-des-brandenburger-gesundheitsministeriums\/#breadcrumb\"},\"inLanguage\":\"de\",\"potentialAction\":[{\"@type\":\"ReadAction\",\"target\":[\"https:\/\/www.patientenbeteiligung.de\/brandenburg\/2024\/09\/24\/pressemitteilung-des-brandenburger-gesundheitsministeriums\/\"]}]},{\"@type\":\"BreadcrumbList\",\"@id\":\"https:\/\/www.patientenbeteiligung.de\/brandenburg\/2024\/09\/24\/pressemitteilung-des-brandenburger-gesundheitsministeriums\/#breadcrumb\",\"itemListElement\":[{\"@type\":\"ListItem\",\"position\":1,\"name\":\"Startseite\",\"item\":\"https:\/\/www.patientenbeteiligung.de\/brandenburg\/\"},{\"@type\":\"ListItem\",\"position\":2,\"name\":\"Pressemitteilung des Brandenburger Gesundheitsministeriums\"}]},{\"@type\":\"WebSite\",\"@id\":\"https:\/\/www.patientenbeteiligung.de\/brandenburg\/#website\",\"url\":\"https:\/\/www.patientenbeteiligung.de\/brandenburg\/\",\"name\":\"Brandenburg\",\"description\":\"Patentenbeteiligung in Brandenburg\",\"potentialAction\":[{\"@type\":\"SearchAction\",\"target\":{\"@type\":\"EntryPoint\",\"urlTemplate\":\"https:\/\/www.patientenbeteiligung.de\/brandenburg\/?s={search_term_string}\"},\"query-input\":{\"@type\":\"PropertyValueSpecification\",\"valueRequired\":true,\"valueName\":\"search_term_string\"}}],\"inLanguage\":\"de\"},{\"@type\":\"Person\",\"@id\":\"https:\/\/www.patientenbeteiligung.de\/brandenburg\/#\/schema\/person\/02701e7f682c88e76b9f4e0b038ad3f3\",\"name\":\"patbrandenburgadmin\",\"image\":{\"@type\":\"ImageObject\",\"inLanguage\":\"de\",\"@id\":\"https:\/\/www.patientenbeteiligung.de\/brandenburg\/#\/schema\/person\/image\/\",\"url\":\"https:\/\/secure.gravatar.com\/avatar\/e7186467f4108ca43bc6d0ad82956c94cf6d1ec7683bade6279116226a0666fa?s=96&d=mm&r=g\",\"contentUrl\":\"https:\/\/secure.gravatar.com\/avatar\/e7186467f4108ca43bc6d0ad82956c94cf6d1ec7683bade6279116226a0666fa?s=96&d=mm&r=g\",\"caption\":\"patbrandenburgadmin\"}}]}<\/script>\n<!-- \/ Yoast SEO plugin. -->","yoast_head_json":{"title":"Pressemitteilung des Brandenburger Gesundheitsministeriums - Brandenburg","description":"Zur Sicherstellung einer fl\u00e4chendeckenden, qualitativ hochwertigen medizinischen Versorgung in Brandenburg fordert das gemeinsame Landesgremium nach \u00a7 90a SGB V vom Bund gesetzliche Regelungen, um die ambulante und die station\u00e4re Versorgung besser miteinander zu verzahnen","robots":{"index":"index","follow":"follow","max-snippet":"max-snippet:-1","max-image-preview":"max-image-preview:large","max-video-preview":"max-video-preview:-1"},"canonical":"https:\/\/www.patientenbeteiligung.de\/brandenburg\/2024\/09\/24\/pressemitteilung-des-brandenburger-gesundheitsministeriums\/","og_locale":"de_DE","og_type":"article","og_title":"Pressemitteilung des Brandenburger Gesundheitsministeriums - Brandenburg","og_description":"Zur Sicherstellung einer fl\u00e4chendeckenden, qualitativ hochwertigen medizinischen Versorgung in Brandenburg fordert das gemeinsame Landesgremium nach \u00a7 90a SGB V vom Bund gesetzliche Regelungen, um die ambulante und die station\u00e4re Versorgung besser miteinander zu verzahnen","og_url":"https:\/\/www.patientenbeteiligung.de\/brandenburg\/2024\/09\/24\/pressemitteilung-des-brandenburger-gesundheitsministeriums\/","og_site_name":"Brandenburg","article_published_time":"2024-09-24T08:15:22+00:00","article_modified_time":"2024-09-24T09:40:44+00:00","author":"patbrandenburgadmin","twitter_card":"summary_large_image","twitter_misc":{"Verfasst von":"patbrandenburgadmin","Gesch\u00e4tzte Lesezeit":"3\u00a0Minuten"},"schema":{"@context":"https:\/\/schema.org","@graph":[{"@type":"WebPage","@id":"https:\/\/www.patientenbeteiligung.de\/brandenburg\/2024\/09\/24\/pressemitteilung-des-brandenburger-gesundheitsministeriums\/","url":"https:\/\/www.patientenbeteiligung.de\/brandenburg\/2024\/09\/24\/pressemitteilung-des-brandenburger-gesundheitsministeriums\/","name":"Pressemitteilung des Brandenburger Gesundheitsministeriums - Brandenburg","isPartOf":{"@id":"https:\/\/www.patientenbeteiligung.de\/brandenburg\/#website"},"datePublished":"2024-09-24T08:15:22+00:00","dateModified":"2024-09-24T09:40:44+00:00","author":{"@id":"https:\/\/www.patientenbeteiligung.de\/brandenburg\/#\/schema\/person\/02701e7f682c88e76b9f4e0b038ad3f3"},"description":"Zur Sicherstellung einer fl\u00e4chendeckenden, qualitativ hochwertigen medizinischen Versorgung in Brandenburg fordert das gemeinsame Landesgremium nach \u00a7 90a SGB V vom Bund gesetzliche Regelungen, um die ambulante und die station\u00e4re Versorgung besser miteinander zu verzahnen","breadcrumb":{"@id":"https:\/\/www.patientenbeteiligung.de\/brandenburg\/2024\/09\/24\/pressemitteilung-des-brandenburger-gesundheitsministeriums\/#breadcrumb"},"inLanguage":"de","potentialAction":[{"@type":"ReadAction","target":["https:\/\/www.patientenbeteiligung.de\/brandenburg\/2024\/09\/24\/pressemitteilung-des-brandenburger-gesundheitsministeriums\/"]}]},{"@type":"BreadcrumbList","@id":"https:\/\/www.patientenbeteiligung.de\/brandenburg\/2024\/09\/24\/pressemitteilung-des-brandenburger-gesundheitsministeriums\/#breadcrumb","itemListElement":[{"@type":"ListItem","position":1,"name":"Startseite","item":"https:\/\/www.patientenbeteiligung.de\/brandenburg\/"},{"@type":"ListItem","position":2,"name":"Pressemitteilung des Brandenburger Gesundheitsministeriums"}]},{"@type":"WebSite","@id":"https:\/\/www.patientenbeteiligung.de\/brandenburg\/#website","url":"https:\/\/www.patientenbeteiligung.de\/brandenburg\/","name":"Brandenburg","description":"Patentenbeteiligung in Brandenburg","potentialAction":[{"@type":"SearchAction","target":{"@type":"EntryPoint","urlTemplate":"https:\/\/www.patientenbeteiligung.de\/brandenburg\/?s={search_term_string}"},"query-input":{"@type":"PropertyValueSpecification","valueRequired":true,"valueName":"search_term_string"}}],"inLanguage":"de"},{"@type":"Person","@id":"https:\/\/www.patientenbeteiligung.de\/brandenburg\/#\/schema\/person\/02701e7f682c88e76b9f4e0b038ad3f3","name":"patbrandenburgadmin","image":{"@type":"ImageObject","inLanguage":"de","@id":"https:\/\/www.patientenbeteiligung.de\/brandenburg\/#\/schema\/person\/image\/","url":"https:\/\/secure.gravatar.com\/avatar\/e7186467f4108ca43bc6d0ad82956c94cf6d1ec7683bade6279116226a0666fa?s=96&d=mm&r=g","contentUrl":"https:\/\/secure.gravatar.com\/avatar\/e7186467f4108ca43bc6d0ad82956c94cf6d1ec7683bade6279116226a0666fa?s=96&d=mm&r=g","caption":"patbrandenburgadmin"}}]}},"_links":{"self":[{"href":"https:\/\/www.patientenbeteiligung.de\/brandenburg\/wp-json\/wp\/v2\/posts\/861","targetHints":{"allow":["GET"]}}],"collection":[{"href":"https:\/\/www.patientenbeteiligung.de\/brandenburg\/wp-json\/wp\/v2\/posts"}],"about":[{"href":"https:\/\/www.patientenbeteiligung.de\/brandenburg\/wp-json\/wp\/v2\/types\/post"}],"author":[{"embeddable":true,"href":"https:\/\/www.patientenbeteiligung.de\/brandenburg\/wp-json\/wp\/v2\/users\/14"}],"replies":[{"embeddable":true,"href":"https:\/\/www.patientenbeteiligung.de\/brandenburg\/wp-json\/wp\/v2\/comments?post=861"}],"version-history":[{"count":2,"href":"https:\/\/www.patientenbeteiligung.de\/brandenburg\/wp-json\/wp\/v2\/posts\/861\/revisions"}],"predecessor-version":[{"id":864,"href":"https:\/\/www.patientenbeteiligung.de\/brandenburg\/wp-json\/wp\/v2\/posts\/861\/revisions\/864"}],"wp:attachment":[{"href":"https:\/\/www.patientenbeteiligung.de\/brandenburg\/wp-json\/wp\/v2\/media?parent=861"}],"wp:term":[{"taxonomy":"category","embeddable":true,"href":"https:\/\/www.patientenbeteiligung.de\/brandenburg\/wp-json\/wp\/v2\/categories?post=861"},{"taxonomy":"post_tag","embeddable":true,"href":"https:\/\/www.patientenbeteiligung.de\/brandenburg\/wp-json\/wp\/v2\/tags?post=861"}],"curies":[{"name":"wp","href":"https:\/\/api.w.org\/{rel}","templated":true}]}}