{"id":77,"date":"2019-07-18T12:31:58","date_gmt":"2019-07-18T10:31:58","guid":{"rendered":"https:\/\/www.patientenbeteiligung.de\/brandenburg\/?p=77"},"modified":"2021-12-02T15:47:54","modified_gmt":"2021-12-02T14:47:54","slug":"1-jahrestreffen-der-patientenvertreterinnen-in-brandenburg","status":"publish","type":"post","link":"https:\/\/www.patientenbeteiligung.de\/brandenburg\/2019\/07\/18\/1-jahrestreffen-der-patientenvertreterinnen-in-brandenburg\/","title":{"rendered":"1. Jahrestreffen der Patientenvertreter*innen in Brandenburg"},"content":{"rendered":"<p>23.08.2019: Patientenvertreter*innen in Brandenburg treffen sich im Sitzungssaal des MASGF, <span class=\"LrzXr\">Henning-von-Tresckow-Stra\u00dfe 2-13, 14467 Potsdam. <\/span><\/p>\n<p>Fortbildung, Erfahrungsaustausch und Vernetzung der Patientenvertreter*innen sind die Schwepunkte dieser Veranstaltung. Die seit M\u00e4rz 2019 aktive Koordinierungsstelle berichtet \u00fcber Ihre Arbeit und pr\u00e4sentiert erste Ergebnisse.<\/p>\n<p>Interessierte k\u00f6nnen sich \u00fcber die ehrenamtliche Mitwirkung als Interessenvertretung der Patient*innen im Land Brandenburg informieren.<\/p>\n","protected":false},"excerpt":{"rendered":"<p>23.08.2019: Patientenvertreter*innen in Brandenburg treffen sich im Sitzungssaal des MASGF, Henning-von-Tresckow-Stra\u00dfe 2-13, 14467 Potsdam. Fortbildung, Erfahrungsaustausch und Vernetzung der Patientenvertreter*innen sind die Schwepunkte dieser Veranstaltung. Die seit M\u00e4rz 2019 aktive Koordinierungsstelle berichtet \u00fcber Ihre Arbeit und pr\u00e4sentiert erste Ergebnisse. Interessierte k\u00f6nnen sich \u00fcber die ehrenamtliche Mitwirkung als Interessenvertretung der Patient*innen [&hellip;]<\/p>\n","protected":false},"author":7,"featured_media":0,"comment_status":"closed","ping_status":"open","sticky":false,"template":"","format":"standard","meta":{"_acf_changed":false,"footnotes":""},"categories":[18],"tags":[],"class_list":["post-77","post","type-post","status-publish","format-standard","hentry","category-archiv"],"acf":[],"yoast_head":"<!-- This site is optimized with the Yoast SEO plugin v24.9 - https:\/\/yoast.com\/wordpress\/plugins\/seo\/ -->\n<title>1. Jahrestreffen der Patientenvertreter*innen in Brandenburg - Brandenburg<\/title>\n<meta name=\"robots\" content=\"index, follow, max-snippet:-1, max-image-preview:large, max-video-preview:-1\" \/>\n<link rel=\"canonical\" href=\"https:\/\/www.patientenbeteiligung.de\/brandenburg\/2019\/07\/18\/1-jahrestreffen-der-patientenvertreterinnen-in-brandenburg\/\" \/>\n<meta property=\"og:locale\" content=\"de_DE\" \/>\n<meta property=\"og:type\" content=\"article\" \/>\n<meta property=\"og:title\" content=\"1. Jahrestreffen der Patientenvertreter*innen in Brandenburg - Brandenburg\" \/>\n<meta property=\"og:description\" content=\"23.08.2019: Patientenvertreter*innen in Brandenburg treffen sich im Sitzungssaal des MASGF, Henning-von-Tresckow-Stra\u00dfe 2-13, 14467 Potsdam. Fortbildung, Erfahrungsaustausch und Vernetzung der Patientenvertreter*innen sind die Schwepunkte dieser Veranstaltung. Die seit M\u00e4rz 2019 aktive Koordinierungsstelle berichtet \u00fcber Ihre Arbeit und pr\u00e4sentiert erste Ergebnisse. Interessierte k\u00f6nnen sich \u00fcber die ehrenamtliche Mitwirkung als Interessenvertretung der Patient*innen [&hellip;]\" \/>\n<meta property=\"og:url\" content=\"https:\/\/www.patientenbeteiligung.de\/brandenburg\/2019\/07\/18\/1-jahrestreffen-der-patientenvertreterinnen-in-brandenburg\/\" \/>\n<meta property=\"og:site_name\" content=\"Brandenburg\" \/>\n<meta property=\"article:published_time\" content=\"2019-07-18T10:31:58+00:00\" \/>\n<meta property=\"article:modified_time\" content=\"2021-12-02T14:47:54+00:00\" \/>\n<meta name=\"twitter:card\" content=\"summary_large_image\" \/>\n<meta name=\"twitter:label1\" content=\"Verfasst von\" \/>\n\t<meta name=\"twitter:data1\" content=\"\" \/>\n\t<meta name=\"twitter:label2\" content=\"Gesch\u00e4tzte Lesezeit\" \/>\n\t<meta name=\"twitter:data2\" content=\"1\u00a0Minute\" \/>\n<script type=\"application\/ld+json\" class=\"yoast-schema-graph\">{\"@context\":\"https:\/\/schema.org\",\"@graph\":[{\"@type\":\"WebPage\",\"@id\":\"https:\/\/www.patientenbeteiligung.de\/brandenburg\/2019\/07\/18\/1-jahrestreffen-der-patientenvertreterinnen-in-brandenburg\/\",\"url\":\"https:\/\/www.patientenbeteiligung.de\/brandenburg\/2019\/07\/18\/1-jahrestreffen-der-patientenvertreterinnen-in-brandenburg\/\",\"name\":\"1. Jahrestreffen der Patientenvertreter*innen in Brandenburg - Brandenburg\",\"isPartOf\":{\"@id\":\"https:\/\/www.patientenbeteiligung.de\/brandenburg\/#website\"},\"datePublished\":\"2019-07-18T10:31:58+00:00\",\"dateModified\":\"2021-12-02T14:47:54+00:00\",\"author\":{\"@id\":\"\"},\"breadcrumb\":{\"@id\":\"https:\/\/www.patientenbeteiligung.de\/brandenburg\/2019\/07\/18\/1-jahrestreffen-der-patientenvertreterinnen-in-brandenburg\/#breadcrumb\"},\"inLanguage\":\"de\",\"potentialAction\":[{\"@type\":\"ReadAction\",\"target\":[\"https:\/\/www.patientenbeteiligung.de\/brandenburg\/2019\/07\/18\/1-jahrestreffen-der-patientenvertreterinnen-in-brandenburg\/\"]}]},{\"@type\":\"BreadcrumbList\",\"@id\":\"https:\/\/www.patientenbeteiligung.de\/brandenburg\/2019\/07\/18\/1-jahrestreffen-der-patientenvertreterinnen-in-brandenburg\/#breadcrumb\",\"itemListElement\":[{\"@type\":\"ListItem\",\"position\":1,\"name\":\"Startseite\",\"item\":\"https:\/\/www.patientenbeteiligung.de\/brandenburg\/\"},{\"@type\":\"ListItem\",\"position\":2,\"name\":\"1. Jahrestreffen der Patientenvertreter*innen in Brandenburg\"}]},{\"@type\":\"WebSite\",\"@id\":\"https:\/\/www.patientenbeteiligung.de\/brandenburg\/#website\",\"url\":\"https:\/\/www.patientenbeteiligung.de\/brandenburg\/\",\"name\":\"Brandenburg\",\"description\":\"Patentenbeteiligung in Brandenburg\",\"potentialAction\":[{\"@type\":\"SearchAction\",\"target\":{\"@type\":\"EntryPoint\",\"urlTemplate\":\"https:\/\/www.patientenbeteiligung.de\/brandenburg\/?s={search_term_string}\"},\"query-input\":{\"@type\":\"PropertyValueSpecification\",\"valueRequired\":true,\"valueName\":\"search_term_string\"}}],\"inLanguage\":\"de\"},{\"@type\":\"Person\",\"@id\":\"\"}]}<\/script>\n<!-- \/ Yoast SEO plugin. -->","yoast_head_json":{"title":"1. Jahrestreffen der Patientenvertreter*innen in Brandenburg - Brandenburg","robots":{"index":"index","follow":"follow","max-snippet":"max-snippet:-1","max-image-preview":"max-image-preview:large","max-video-preview":"max-video-preview:-1"},"canonical":"https:\/\/www.patientenbeteiligung.de\/brandenburg\/2019\/07\/18\/1-jahrestreffen-der-patientenvertreterinnen-in-brandenburg\/","og_locale":"de_DE","og_type":"article","og_title":"1. Jahrestreffen der Patientenvertreter*innen in Brandenburg - Brandenburg","og_description":"23.08.2019: Patientenvertreter*innen in Brandenburg treffen sich im Sitzungssaal des MASGF, Henning-von-Tresckow-Stra\u00dfe 2-13, 14467 Potsdam. Fortbildung, Erfahrungsaustausch und Vernetzung der Patientenvertreter*innen sind die Schwepunkte dieser Veranstaltung. Die seit M\u00e4rz 2019 aktive Koordinierungsstelle berichtet \u00fcber Ihre Arbeit und pr\u00e4sentiert erste Ergebnisse. Interessierte k\u00f6nnen sich \u00fcber die ehrenamtliche Mitwirkung als Interessenvertretung der Patient*innen [&hellip;]","og_url":"https:\/\/www.patientenbeteiligung.de\/brandenburg\/2019\/07\/18\/1-jahrestreffen-der-patientenvertreterinnen-in-brandenburg\/","og_site_name":"Brandenburg","article_published_time":"2019-07-18T10:31:58+00:00","article_modified_time":"2021-12-02T14:47:54+00:00","twitter_card":"summary_large_image","twitter_misc":{"Verfasst von":"","Gesch\u00e4tzte Lesezeit":"1\u00a0Minute"},"schema":{"@context":"https:\/\/schema.org","@graph":[{"@type":"WebPage","@id":"https:\/\/www.patientenbeteiligung.de\/brandenburg\/2019\/07\/18\/1-jahrestreffen-der-patientenvertreterinnen-in-brandenburg\/","url":"https:\/\/www.patientenbeteiligung.de\/brandenburg\/2019\/07\/18\/1-jahrestreffen-der-patientenvertreterinnen-in-brandenburg\/","name":"1. Jahrestreffen der Patientenvertreter*innen in Brandenburg - Brandenburg","isPartOf":{"@id":"https:\/\/www.patientenbeteiligung.de\/brandenburg\/#website"},"datePublished":"2019-07-18T10:31:58+00:00","dateModified":"2021-12-02T14:47:54+00:00","author":{"@id":""},"breadcrumb":{"@id":"https:\/\/www.patientenbeteiligung.de\/brandenburg\/2019\/07\/18\/1-jahrestreffen-der-patientenvertreterinnen-in-brandenburg\/#breadcrumb"},"inLanguage":"de","potentialAction":[{"@type":"ReadAction","target":["https:\/\/www.patientenbeteiligung.de\/brandenburg\/2019\/07\/18\/1-jahrestreffen-der-patientenvertreterinnen-in-brandenburg\/"]}]},{"@type":"BreadcrumbList","@id":"https:\/\/www.patientenbeteiligung.de\/brandenburg\/2019\/07\/18\/1-jahrestreffen-der-patientenvertreterinnen-in-brandenburg\/#breadcrumb","itemListElement":[{"@type":"ListItem","position":1,"name":"Startseite","item":"https:\/\/www.patientenbeteiligung.de\/brandenburg\/"},{"@type":"ListItem","position":2,"name":"1. Jahrestreffen der Patientenvertreter*innen in Brandenburg"}]},{"@type":"WebSite","@id":"https:\/\/www.patientenbeteiligung.de\/brandenburg\/#website","url":"https:\/\/www.patientenbeteiligung.de\/brandenburg\/","name":"Brandenburg","description":"Patentenbeteiligung in Brandenburg","potentialAction":[{"@type":"SearchAction","target":{"@type":"EntryPoint","urlTemplate":"https:\/\/www.patientenbeteiligung.de\/brandenburg\/?s={search_term_string}"},"query-input":{"@type":"PropertyValueSpecification","valueRequired":true,"valueName":"search_term_string"}}],"inLanguage":"de"},{"@type":"Person","@id":""}]}},"_links":{"self":[{"href":"https:\/\/www.patientenbeteiligung.de\/brandenburg\/wp-json\/wp\/v2\/posts\/77","targetHints":{"allow":["GET"]}}],"collection":[{"href":"https:\/\/www.patientenbeteiligung.de\/brandenburg\/wp-json\/wp\/v2\/posts"}],"about":[{"href":"https:\/\/www.patientenbeteiligung.de\/brandenburg\/wp-json\/wp\/v2\/types\/post"}],"author":[{"embeddable":true,"href":"https:\/\/www.patientenbeteiligung.de\/brandenburg\/wp-json\/wp\/v2\/users\/7"}],"replies":[{"embeddable":true,"href":"https:\/\/www.patientenbeteiligung.de\/brandenburg\/wp-json\/wp\/v2\/comments?post=77"}],"version-history":[{"count":3,"href":"https:\/\/www.patientenbeteiligung.de\/brandenburg\/wp-json\/wp\/v2\/posts\/77\/revisions"}],"predecessor-version":[{"id":80,"href":"https:\/\/www.patientenbeteiligung.de\/brandenburg\/wp-json\/wp\/v2\/posts\/77\/revisions\/80"}],"wp:attachment":[{"href":"https:\/\/www.patientenbeteiligung.de\/brandenburg\/wp-json\/wp\/v2\/media?parent=77"}],"wp:term":[{"taxonomy":"category","embeddable":true,"href":"https:\/\/www.patientenbeteiligung.de\/brandenburg\/wp-json\/wp\/v2\/categories?post=77"},{"taxonomy":"post_tag","embeddable":true,"href":"https:\/\/www.patientenbeteiligung.de\/brandenburg\/wp-json\/wp\/v2\/tags?post=77"}],"curies":[{"name":"wp","href":"https:\/\/api.w.org\/{rel}","templated":true}]}}