{"id":506,"date":"2021-11-24T14:48:10","date_gmt":"2021-11-24T13:48:10","guid":{"rendered":"https:\/\/www.patientenbeteiligung.de\/brandenburg\/?p=506"},"modified":"2023-04-24T11:55:40","modified_gmt":"2023-04-24T09:55:40","slug":"landesausschuss-der-aerzte-und-krankenkassen-nach-%c2%a790-sgb-v","status":"publish","type":"post","link":"https:\/\/www.patientenbeteiligung.de\/brandenburg\/2021\/11\/24\/landesausschuss-der-aerzte-und-krankenkassen-nach-%c2%a790-sgb-v\/","title":{"rendered":"Landessausschuss der \u00c4rzte und Krankenkassen nach \u00a7 90 SGB V"},"content":{"rendered":"\n<!--more-->\n\n\n\n<p class=\"has-medium-font-size\">Der Landesausschuss plant den Bedarf und stellt \u00dcber- und Unterversorgung in den Planungsregionen fest. Nach eigenst\u00e4ndiger Pr\u00fcfung kann der Landesausschuss bei drohender Unterversorgung einer Region mit einer Arztgruppe beschlie\u00dfen, dass die KVBB im Rahmen ihres Sicherstellungsauftrages handeln muss. Die Rechtsgrundlage zur Beteiligung ist der \u00a790 SGB V. Patientenvertreter*innen haben ein Mitberatungsrecht.<\/p>\n","protected":false},"excerpt":{"rendered":"","protected":false},"author":14,"featured_media":0,"comment_status":"closed","ping_status":"closed","sticky":false,"template":"","format":"standard","meta":{"_acf_changed":false,"footnotes":""},"categories":[1],"tags":[],"class_list":["post-506","post","type-post","status-publish","format-standard","hentry","category-gremien-und-ausschuesse"],"acf":[],"yoast_head":"<!-- This site is optimized with the Yoast SEO plugin v24.9 - https:\/\/yoast.com\/wordpress\/plugins\/seo\/ -->\n<title>Landesausschuss \u00c4rzte und Krankenkassen - Brandenburg<\/title>\n<meta name=\"description\" content=\"Landesausschss der \u00c4rzte und Krankenkassen nach \u00a790 SGB V Planung Bedarf regionale \u00dcber-und Unterversorgung\" \/>\n<meta name=\"robots\" content=\"index, follow, max-snippet:-1, max-image-preview:large, max-video-preview:-1\" \/>\n<link rel=\"canonical\" href=\"https:\/\/www.patientenbeteiligung.de\/brandenburg\/2021\/11\/24\/landesausschuss-der-aerzte-und-krankenkassen-nach-\u00a790-sgb-v\/\" \/>\n<meta property=\"og:locale\" content=\"de_DE\" \/>\n<meta property=\"og:type\" content=\"article\" \/>\n<meta property=\"og:title\" content=\"Landesausschuss \u00c4rzte und Krankenkassen - Brandenburg\" \/>\n<meta property=\"og:description\" content=\"Landesausschss der \u00c4rzte und Krankenkassen nach \u00a790 SGB V Planung Bedarf regionale \u00dcber-und Unterversorgung\" \/>\n<meta property=\"og:url\" content=\"https:\/\/www.patientenbeteiligung.de\/brandenburg\/2021\/11\/24\/landesausschuss-der-aerzte-und-krankenkassen-nach-\u00a790-sgb-v\/\" \/>\n<meta property=\"og:site_name\" content=\"Brandenburg\" \/>\n<meta property=\"article:published_time\" content=\"2021-11-24T13:48:10+00:00\" \/>\n<meta property=\"article:modified_time\" content=\"2023-04-24T09:55:40+00:00\" \/>\n<meta name=\"author\" content=\"patbrandenburgadmin\" \/>\n<meta name=\"twitter:card\" content=\"summary_large_image\" \/>\n<meta name=\"twitter:label1\" content=\"Verfasst von\" \/>\n\t<meta name=\"twitter:data1\" content=\"patbrandenburgadmin\" \/>\n\t<meta name=\"twitter:label2\" content=\"Gesch\u00e4tzte Lesezeit\" \/>\n\t<meta name=\"twitter:data2\" content=\"1\u00a0Minute\" \/>\n<script type=\"application\/ld+json\" class=\"yoast-schema-graph\">{\"@context\":\"https:\/\/schema.org\",\"@graph\":[{\"@type\":\"WebPage\",\"@id\":\"https:\/\/www.patientenbeteiligung.de\/brandenburg\/2021\/11\/24\/landesausschuss-der-aerzte-und-krankenkassen-nach-%c2%a790-sgb-v\/\",\"url\":\"https:\/\/www.patientenbeteiligung.de\/brandenburg\/2021\/11\/24\/landesausschuss-der-aerzte-und-krankenkassen-nach-%c2%a790-sgb-v\/\",\"name\":\"Landesausschuss \u00c4rzte und Krankenkassen - Brandenburg\",\"isPartOf\":{\"@id\":\"https:\/\/www.patientenbeteiligung.de\/brandenburg\/#website\"},\"datePublished\":\"2021-11-24T13:48:10+00:00\",\"dateModified\":\"2023-04-24T09:55:40+00:00\",\"author\":{\"@id\":\"https:\/\/www.patientenbeteiligung.de\/brandenburg\/#\/schema\/person\/02701e7f682c88e76b9f4e0b038ad3f3\"},\"description\":\"Landesausschss der \u00c4rzte und Krankenkassen nach \u00a790 SGB V Planung Bedarf regionale \u00dcber-und Unterversorgung\",\"breadcrumb\":{\"@id\":\"https:\/\/www.patientenbeteiligung.de\/brandenburg\/2021\/11\/24\/landesausschuss-der-aerzte-und-krankenkassen-nach-%c2%a790-sgb-v\/#breadcrumb\"},\"inLanguage\":\"de\",\"potentialAction\":[{\"@type\":\"ReadAction\",\"target\":[\"https:\/\/www.patientenbeteiligung.de\/brandenburg\/2021\/11\/24\/landesausschuss-der-aerzte-und-krankenkassen-nach-%c2%a790-sgb-v\/\"]}]},{\"@type\":\"BreadcrumbList\",\"@id\":\"https:\/\/www.patientenbeteiligung.de\/brandenburg\/2021\/11\/24\/landesausschuss-der-aerzte-und-krankenkassen-nach-%c2%a790-sgb-v\/#breadcrumb\",\"itemListElement\":[{\"@type\":\"ListItem\",\"position\":1,\"name\":\"Startseite\",\"item\":\"https:\/\/www.patientenbeteiligung.de\/brandenburg\/\"},{\"@type\":\"ListItem\",\"position\":2,\"name\":\"Landessausschuss der \u00c4rzte und Krankenkassen nach \u00a7 90 SGB V\"}]},{\"@type\":\"WebSite\",\"@id\":\"https:\/\/www.patientenbeteiligung.de\/brandenburg\/#website\",\"url\":\"https:\/\/www.patientenbeteiligung.de\/brandenburg\/\",\"name\":\"Brandenburg\",\"description\":\"Patentenbeteiligung in Brandenburg\",\"potentialAction\":[{\"@type\":\"SearchAction\",\"target\":{\"@type\":\"EntryPoint\",\"urlTemplate\":\"https:\/\/www.patientenbeteiligung.de\/brandenburg\/?s={search_term_string}\"},\"query-input\":{\"@type\":\"PropertyValueSpecification\",\"valueRequired\":true,\"valueName\":\"search_term_string\"}}],\"inLanguage\":\"de\"},{\"@type\":\"Person\",\"@id\":\"https:\/\/www.patientenbeteiligung.de\/brandenburg\/#\/schema\/person\/02701e7f682c88e76b9f4e0b038ad3f3\",\"name\":\"patbrandenburgadmin\",\"image\":{\"@type\":\"ImageObject\",\"inLanguage\":\"de\",\"@id\":\"https:\/\/www.patientenbeteiligung.de\/brandenburg\/#\/schema\/person\/image\/\",\"url\":\"https:\/\/secure.gravatar.com\/avatar\/e7186467f4108ca43bc6d0ad82956c94cf6d1ec7683bade6279116226a0666fa?s=96&d=mm&r=g\",\"contentUrl\":\"https:\/\/secure.gravatar.com\/avatar\/e7186467f4108ca43bc6d0ad82956c94cf6d1ec7683bade6279116226a0666fa?s=96&d=mm&r=g\",\"caption\":\"patbrandenburgadmin\"}}]}<\/script>\n<!-- \/ Yoast SEO plugin. -->","yoast_head_json":{"title":"Landesausschuss \u00c4rzte und Krankenkassen - Brandenburg","description":"Landesausschss der \u00c4rzte und Krankenkassen nach \u00a790 SGB V Planung Bedarf regionale \u00dcber-und Unterversorgung","robots":{"index":"index","follow":"follow","max-snippet":"max-snippet:-1","max-image-preview":"max-image-preview:large","max-video-preview":"max-video-preview:-1"},"canonical":"https:\/\/www.patientenbeteiligung.de\/brandenburg\/2021\/11\/24\/landesausschuss-der-aerzte-und-krankenkassen-nach-\u00a790-sgb-v\/","og_locale":"de_DE","og_type":"article","og_title":"Landesausschuss \u00c4rzte und Krankenkassen - Brandenburg","og_description":"Landesausschss der \u00c4rzte und Krankenkassen nach \u00a790 SGB V Planung Bedarf regionale \u00dcber-und Unterversorgung","og_url":"https:\/\/www.patientenbeteiligung.de\/brandenburg\/2021\/11\/24\/landesausschuss-der-aerzte-und-krankenkassen-nach-\u00a790-sgb-v\/","og_site_name":"Brandenburg","article_published_time":"2021-11-24T13:48:10+00:00","article_modified_time":"2023-04-24T09:55:40+00:00","author":"patbrandenburgadmin","twitter_card":"summary_large_image","twitter_misc":{"Verfasst von":"patbrandenburgadmin","Gesch\u00e4tzte Lesezeit":"1\u00a0Minute"},"schema":{"@context":"https:\/\/schema.org","@graph":[{"@type":"WebPage","@id":"https:\/\/www.patientenbeteiligung.de\/brandenburg\/2021\/11\/24\/landesausschuss-der-aerzte-und-krankenkassen-nach-%c2%a790-sgb-v\/","url":"https:\/\/www.patientenbeteiligung.de\/brandenburg\/2021\/11\/24\/landesausschuss-der-aerzte-und-krankenkassen-nach-%c2%a790-sgb-v\/","name":"Landesausschuss \u00c4rzte und Krankenkassen - Brandenburg","isPartOf":{"@id":"https:\/\/www.patientenbeteiligung.de\/brandenburg\/#website"},"datePublished":"2021-11-24T13:48:10+00:00","dateModified":"2023-04-24T09:55:40+00:00","author":{"@id":"https:\/\/www.patientenbeteiligung.de\/brandenburg\/#\/schema\/person\/02701e7f682c88e76b9f4e0b038ad3f3"},"description":"Landesausschss der \u00c4rzte und Krankenkassen nach \u00a790 SGB V Planung Bedarf regionale \u00dcber-und Unterversorgung","breadcrumb":{"@id":"https:\/\/www.patientenbeteiligung.de\/brandenburg\/2021\/11\/24\/landesausschuss-der-aerzte-und-krankenkassen-nach-%c2%a790-sgb-v\/#breadcrumb"},"inLanguage":"de","potentialAction":[{"@type":"ReadAction","target":["https:\/\/www.patientenbeteiligung.de\/brandenburg\/2021\/11\/24\/landesausschuss-der-aerzte-und-krankenkassen-nach-%c2%a790-sgb-v\/"]}]},{"@type":"BreadcrumbList","@id":"https:\/\/www.patientenbeteiligung.de\/brandenburg\/2021\/11\/24\/landesausschuss-der-aerzte-und-krankenkassen-nach-%c2%a790-sgb-v\/#breadcrumb","itemListElement":[{"@type":"ListItem","position":1,"name":"Startseite","item":"https:\/\/www.patientenbeteiligung.de\/brandenburg\/"},{"@type":"ListItem","position":2,"name":"Landessausschuss der \u00c4rzte und Krankenkassen nach \u00a7 90 SGB V"}]},{"@type":"WebSite","@id":"https:\/\/www.patientenbeteiligung.de\/brandenburg\/#website","url":"https:\/\/www.patientenbeteiligung.de\/brandenburg\/","name":"Brandenburg","description":"Patentenbeteiligung in Brandenburg","potentialAction":[{"@type":"SearchAction","target":{"@type":"EntryPoint","urlTemplate":"https:\/\/www.patientenbeteiligung.de\/brandenburg\/?s={search_term_string}"},"query-input":{"@type":"PropertyValueSpecification","valueRequired":true,"valueName":"search_term_string"}}],"inLanguage":"de"},{"@type":"Person","@id":"https:\/\/www.patientenbeteiligung.de\/brandenburg\/#\/schema\/person\/02701e7f682c88e76b9f4e0b038ad3f3","name":"patbrandenburgadmin","image":{"@type":"ImageObject","inLanguage":"de","@id":"https:\/\/www.patientenbeteiligung.de\/brandenburg\/#\/schema\/person\/image\/","url":"https:\/\/secure.gravatar.com\/avatar\/e7186467f4108ca43bc6d0ad82956c94cf6d1ec7683bade6279116226a0666fa?s=96&d=mm&r=g","contentUrl":"https:\/\/secure.gravatar.com\/avatar\/e7186467f4108ca43bc6d0ad82956c94cf6d1ec7683bade6279116226a0666fa?s=96&d=mm&r=g","caption":"patbrandenburgadmin"}}]}},"_links":{"self":[{"href":"https:\/\/www.patientenbeteiligung.de\/brandenburg\/wp-json\/wp\/v2\/posts\/506","targetHints":{"allow":["GET"]}}],"collection":[{"href":"https:\/\/www.patientenbeteiligung.de\/brandenburg\/wp-json\/wp\/v2\/posts"}],"about":[{"href":"https:\/\/www.patientenbeteiligung.de\/brandenburg\/wp-json\/wp\/v2\/types\/post"}],"author":[{"embeddable":true,"href":"https:\/\/www.patientenbeteiligung.de\/brandenburg\/wp-json\/wp\/v2\/users\/14"}],"replies":[{"embeddable":true,"href":"https:\/\/www.patientenbeteiligung.de\/brandenburg\/wp-json\/wp\/v2\/comments?post=506"}],"version-history":[{"count":4,"href":"https:\/\/www.patientenbeteiligung.de\/brandenburg\/wp-json\/wp\/v2\/posts\/506\/revisions"}],"predecessor-version":[{"id":724,"href":"https:\/\/www.patientenbeteiligung.de\/brandenburg\/wp-json\/wp\/v2\/posts\/506\/revisions\/724"}],"wp:attachment":[{"href":"https:\/\/www.patientenbeteiligung.de\/brandenburg\/wp-json\/wp\/v2\/media?parent=506"}],"wp:term":[{"taxonomy":"category","embeddable":true,"href":"https:\/\/www.patientenbeteiligung.de\/brandenburg\/wp-json\/wp\/v2\/categories?post=506"},{"taxonomy":"post_tag","embeddable":true,"href":"https:\/\/www.patientenbeteiligung.de\/brandenburg\/wp-json\/wp\/v2\/tags?post=506"}],"curies":[{"name":"wp","href":"https:\/\/api.w.org\/{rel}","templated":true}]}}