{"id":328,"date":"2019-10-09T11:52:00","date_gmt":"2019-10-09T09:52:00","guid":{"rendered":"https:\/\/www.patientenbeteiligung.de\/brandenburg\/?p=328"},"modified":"2021-12-02T15:44:05","modified_gmt":"2021-12-02T14:44:05","slug":"neue-koordinierungsstelle-brandenburg","status":"publish","type":"post","link":"https:\/\/www.patientenbeteiligung.de\/brandenburg\/2019\/10\/09\/neue-koordinierungsstelle-brandenburg\/","title":{"rendered":"Neue Koordinierungsstelle Brandenburg"},"content":{"rendered":"\n<h4 class=\"wp-block-heading\"><strong><span style=\"color:#fcb900\" class=\"tadv-color\">Neue Koordinierungsstelle soll Patientenrechte im Land Brandenburg st\u00e4rken<\/span><\/strong><\/h4>\n\n\n\n<p><strong>Patientenvertreterinnen und \u2013vertreter erhalten mehr Unterst\u00fctzung: Die Landesarbeitsgemeinschaft \u201eSelbsthilfe von Menschen mit Behinderung und chronischer Erkrankung und ihren Angeh\u00f6rigen Brandenburg\u201c e.V. (kurz: LAG-SH Brandenburg) hat eine Koordinierungsstelle zur St\u00e4rkung der Patientenrechte eingerichtet.<\/strong><\/p>\n\n\n\n<p>Die Koordinierungsstelle der Patientenbeteiligung soll Ansprechpartner in Fachfragen sein, Informationsmaterial und Schulungsangebote vorhalten und Abstimmungsprozesse zwischen den verschiedenen Organisationen \u00fcbernehmen. Die Koordinierungsstelle unterst\u00fctzt ehrenamtliche Patientenvertreterinnen und -vertreter und informiert auch interessierte B\u00fcrgerinnen und B\u00fcrger, die es vielleicht einmal werden m\u00f6chten.<\/p>\n\n\n\n<p>Die <strong>LAG-SH Brandenburg<\/strong> ist ein freiwilliger Zusammenschluss von Selbsthilfeverb\u00e4nden behinderter und chronisch kranker Menschen und ihrer Angeh\u00f6rigen im Land Brandenburg. Sie wurde im April 1991 gegr\u00fcndet (Internet: <a href=\"http:\/\/lag-selbsthilfe-bb.de\">http:\/\/lag-selbsthilfe-bb.de<\/a>).<\/p>\n\n\n\n<p>Brandenburg ist damit nach Nordrhein-Westfalen und Bayern das dritte Bundesland, das eine solche Koordinierungs- und Vernetzungsstelle der Patientenbeteiligung f\u00f6rdert. Das Gesundheitsministerium f\u00f6rdert das neue Projekt mit rund 60.000 Euro pro Jahr aus Mitteln des Landeshaushalts 2019\/2020.<\/p>\n\n\n\n<p><a href=\"https:\/\/masgf.brandenburg.de\/sixcms\/media.php\/9\/045_19_Neu_Koordinierungsstelle_Patientenvertretung_Brandenburg_190324.pdf\" target=\"_blank\" rel=\"noreferrer noopener\">Zur Pressemitteilung des Ministeriums f\u00fcr Arbeit, Soziales, Gesundheit, Frauen und Familie (PDF)<\/a><\/p>\n\n\n\n<p><strong>Ihr Kontakt zur Koordinierungsstelle Patientenbeteiligung im Land Brandenburg:<\/strong><\/p>\n\n\n\n<p><strong>Koordinierungsstelle<\/strong><br>LAG-Selbsthilfe Brandenburg e.V.<br>Handelsstra\u00dfe 11<br>16303 Schwedt\/O.<br>Tel. 03332 521735<br>Fax 03332 572219<br>patientenbeteiligung@lag-selbsthilfe-bb.de<\/p>\n","protected":false},"excerpt":{"rendered":"<p>Neue Koordinierungsstelle soll Patientenrechte im Land Brandenburg st\u00e4rken Patientenvertreterinnen und \u2013vertreter erhalten mehr Unterst\u00fctzung: Die Landesarbeitsgemeinschaft \u201eSelbsthilfe von Menschen mit Behinderung und chronischer Erkrankung und ihren Angeh\u00f6rigen Brandenburg\u201c e.V. (kurz: LAG-SH Brandenburg) hat eine Koordinierungsstelle zur St\u00e4rkung der Patientenrechte eingerichtet. Die Koordinierungsstelle der Patientenbeteiligung soll Ansprechpartner in Fachfragen sein, Informationsmaterial [&hellip;]<\/p>\n","protected":false},"author":9,"featured_media":0,"comment_status":"open","ping_status":"open","sticky":false,"template":"","format":"standard","meta":{"_acf_changed":false,"footnotes":""},"categories":[18],"tags":[],"class_list":["post-328","post","type-post","status-publish","format-standard","hentry","category-archiv"],"acf":[],"yoast_head":"<!-- This site is optimized with the Yoast SEO plugin v24.9 - https:\/\/yoast.com\/wordpress\/plugins\/seo\/ -->\n<title>Neue Koordinierungsstelle Brandenburg - Brandenburg<\/title>\n<meta name=\"robots\" content=\"index, follow, max-snippet:-1, max-image-preview:large, max-video-preview:-1\" \/>\n<link rel=\"canonical\" href=\"https:\/\/www.patientenbeteiligung.de\/brandenburg\/2019\/10\/09\/neue-koordinierungsstelle-brandenburg\/\" \/>\n<meta property=\"og:locale\" content=\"de_DE\" \/>\n<meta property=\"og:type\" content=\"article\" \/>\n<meta property=\"og:title\" content=\"Neue Koordinierungsstelle Brandenburg - Brandenburg\" \/>\n<meta property=\"og:description\" content=\"Neue Koordinierungsstelle soll Patientenrechte im Land Brandenburg st\u00e4rken Patientenvertreterinnen und \u2013vertreter erhalten mehr Unterst\u00fctzung: Die Landesarbeitsgemeinschaft \u201eSelbsthilfe von Menschen mit Behinderung und chronischer Erkrankung und ihren Angeh\u00f6rigen Brandenburg\u201c e.V. (kurz: LAG-SH Brandenburg) hat eine Koordinierungsstelle zur St\u00e4rkung der Patientenrechte eingerichtet. Die Koordinierungsstelle der Patientenbeteiligung soll Ansprechpartner in Fachfragen sein, Informationsmaterial [&hellip;]\" \/>\n<meta property=\"og:url\" content=\"https:\/\/www.patientenbeteiligung.de\/brandenburg\/2019\/10\/09\/neue-koordinierungsstelle-brandenburg\/\" \/>\n<meta property=\"og:site_name\" content=\"Brandenburg\" \/>\n<meta property=\"article:published_time\" content=\"2019-10-09T09:52:00+00:00\" \/>\n<meta property=\"article:modified_time\" content=\"2021-12-02T14:44:05+00:00\" \/>\n<meta name=\"author\" content=\"Heinz Str\u00fcwing\" \/>\n<meta name=\"twitter:card\" content=\"summary_large_image\" \/>\n<meta name=\"twitter:label1\" content=\"Verfasst von\" \/>\n\t<meta name=\"twitter:data1\" content=\"Heinz Str\u00fcwing\" \/>\n\t<meta name=\"twitter:label2\" content=\"Gesch\u00e4tzte Lesezeit\" \/>\n\t<meta name=\"twitter:data2\" content=\"1\u00a0Minute\" \/>\n<script type=\"application\/ld+json\" class=\"yoast-schema-graph\">{\"@context\":\"https:\/\/schema.org\",\"@graph\":[{\"@type\":\"WebPage\",\"@id\":\"https:\/\/www.patientenbeteiligung.de\/brandenburg\/2019\/10\/09\/neue-koordinierungsstelle-brandenburg\/\",\"url\":\"https:\/\/www.patientenbeteiligung.de\/brandenburg\/2019\/10\/09\/neue-koordinierungsstelle-brandenburg\/\",\"name\":\"Neue Koordinierungsstelle Brandenburg - Brandenburg\",\"isPartOf\":{\"@id\":\"https:\/\/www.patientenbeteiligung.de\/brandenburg\/#website\"},\"datePublished\":\"2019-10-09T09:52:00+00:00\",\"dateModified\":\"2021-12-02T14:44:05+00:00\",\"author\":{\"@id\":\"https:\/\/www.patientenbeteiligung.de\/brandenburg\/#\/schema\/person\/ea4ec129a98f29a3ccdfcb285d032c21\"},\"breadcrumb\":{\"@id\":\"https:\/\/www.patientenbeteiligung.de\/brandenburg\/2019\/10\/09\/neue-koordinierungsstelle-brandenburg\/#breadcrumb\"},\"inLanguage\":\"de\",\"potentialAction\":[{\"@type\":\"ReadAction\",\"target\":[\"https:\/\/www.patientenbeteiligung.de\/brandenburg\/2019\/10\/09\/neue-koordinierungsstelle-brandenburg\/\"]}]},{\"@type\":\"BreadcrumbList\",\"@id\":\"https:\/\/www.patientenbeteiligung.de\/brandenburg\/2019\/10\/09\/neue-koordinierungsstelle-brandenburg\/#breadcrumb\",\"itemListElement\":[{\"@type\":\"ListItem\",\"position\":1,\"name\":\"Startseite\",\"item\":\"https:\/\/www.patientenbeteiligung.de\/brandenburg\/\"},{\"@type\":\"ListItem\",\"position\":2,\"name\":\"Neue Koordinierungsstelle Brandenburg\"}]},{\"@type\":\"WebSite\",\"@id\":\"https:\/\/www.patientenbeteiligung.de\/brandenburg\/#website\",\"url\":\"https:\/\/www.patientenbeteiligung.de\/brandenburg\/\",\"name\":\"Brandenburg\",\"description\":\"Patentenbeteiligung in Brandenburg\",\"potentialAction\":[{\"@type\":\"SearchAction\",\"target\":{\"@type\":\"EntryPoint\",\"urlTemplate\":\"https:\/\/www.patientenbeteiligung.de\/brandenburg\/?s={search_term_string}\"},\"query-input\":{\"@type\":\"PropertyValueSpecification\",\"valueRequired\":true,\"valueName\":\"search_term_string\"}}],\"inLanguage\":\"de\"},{\"@type\":\"Person\",\"@id\":\"https:\/\/www.patientenbeteiligung.de\/brandenburg\/#\/schema\/person\/ea4ec129a98f29a3ccdfcb285d032c21\",\"name\":\"Heinz Str\u00fcwing\",\"image\":{\"@type\":\"ImageObject\",\"inLanguage\":\"de\",\"@id\":\"https:\/\/www.patientenbeteiligung.de\/brandenburg\/#\/schema\/person\/image\/\",\"url\":\"https:\/\/secure.gravatar.com\/avatar\/19d75b5115958e3d45c99b4d791e5104ca45aea5497488b6180701cf309c4c80?s=96&d=mm&r=g\",\"contentUrl\":\"https:\/\/secure.gravatar.com\/avatar\/19d75b5115958e3d45c99b4d791e5104ca45aea5497488b6180701cf309c4c80?s=96&d=mm&r=g\",\"caption\":\"Heinz Str\u00fcwing\"}}]}<\/script>\n<!-- \/ Yoast SEO plugin. -->","yoast_head_json":{"title":"Neue Koordinierungsstelle Brandenburg - Brandenburg","robots":{"index":"index","follow":"follow","max-snippet":"max-snippet:-1","max-image-preview":"max-image-preview:large","max-video-preview":"max-video-preview:-1"},"canonical":"https:\/\/www.patientenbeteiligung.de\/brandenburg\/2019\/10\/09\/neue-koordinierungsstelle-brandenburg\/","og_locale":"de_DE","og_type":"article","og_title":"Neue Koordinierungsstelle Brandenburg - Brandenburg","og_description":"Neue Koordinierungsstelle soll Patientenrechte im Land Brandenburg st\u00e4rken Patientenvertreterinnen und \u2013vertreter erhalten mehr Unterst\u00fctzung: Die Landesarbeitsgemeinschaft \u201eSelbsthilfe von Menschen mit Behinderung und chronischer Erkrankung und ihren Angeh\u00f6rigen Brandenburg\u201c e.V. (kurz: LAG-SH Brandenburg) hat eine Koordinierungsstelle zur St\u00e4rkung der Patientenrechte eingerichtet. Die Koordinierungsstelle der Patientenbeteiligung soll Ansprechpartner in Fachfragen sein, Informationsmaterial [&hellip;]","og_url":"https:\/\/www.patientenbeteiligung.de\/brandenburg\/2019\/10\/09\/neue-koordinierungsstelle-brandenburg\/","og_site_name":"Brandenburg","article_published_time":"2019-10-09T09:52:00+00:00","article_modified_time":"2021-12-02T14:44:05+00:00","author":"Heinz Str\u00fcwing","twitter_card":"summary_large_image","twitter_misc":{"Verfasst von":"Heinz Str\u00fcwing","Gesch\u00e4tzte Lesezeit":"1\u00a0Minute"},"schema":{"@context":"https:\/\/schema.org","@graph":[{"@type":"WebPage","@id":"https:\/\/www.patientenbeteiligung.de\/brandenburg\/2019\/10\/09\/neue-koordinierungsstelle-brandenburg\/","url":"https:\/\/www.patientenbeteiligung.de\/brandenburg\/2019\/10\/09\/neue-koordinierungsstelle-brandenburg\/","name":"Neue Koordinierungsstelle Brandenburg - Brandenburg","isPartOf":{"@id":"https:\/\/www.patientenbeteiligung.de\/brandenburg\/#website"},"datePublished":"2019-10-09T09:52:00+00:00","dateModified":"2021-12-02T14:44:05+00:00","author":{"@id":"https:\/\/www.patientenbeteiligung.de\/brandenburg\/#\/schema\/person\/ea4ec129a98f29a3ccdfcb285d032c21"},"breadcrumb":{"@id":"https:\/\/www.patientenbeteiligung.de\/brandenburg\/2019\/10\/09\/neue-koordinierungsstelle-brandenburg\/#breadcrumb"},"inLanguage":"de","potentialAction":[{"@type":"ReadAction","target":["https:\/\/www.patientenbeteiligung.de\/brandenburg\/2019\/10\/09\/neue-koordinierungsstelle-brandenburg\/"]}]},{"@type":"BreadcrumbList","@id":"https:\/\/www.patientenbeteiligung.de\/brandenburg\/2019\/10\/09\/neue-koordinierungsstelle-brandenburg\/#breadcrumb","itemListElement":[{"@type":"ListItem","position":1,"name":"Startseite","item":"https:\/\/www.patientenbeteiligung.de\/brandenburg\/"},{"@type":"ListItem","position":2,"name":"Neue Koordinierungsstelle Brandenburg"}]},{"@type":"WebSite","@id":"https:\/\/www.patientenbeteiligung.de\/brandenburg\/#website","url":"https:\/\/www.patientenbeteiligung.de\/brandenburg\/","name":"Brandenburg","description":"Patentenbeteiligung in Brandenburg","potentialAction":[{"@type":"SearchAction","target":{"@type":"EntryPoint","urlTemplate":"https:\/\/www.patientenbeteiligung.de\/brandenburg\/?s={search_term_string}"},"query-input":{"@type":"PropertyValueSpecification","valueRequired":true,"valueName":"search_term_string"}}],"inLanguage":"de"},{"@type":"Person","@id":"https:\/\/www.patientenbeteiligung.de\/brandenburg\/#\/schema\/person\/ea4ec129a98f29a3ccdfcb285d032c21","name":"Heinz Str\u00fcwing","image":{"@type":"ImageObject","inLanguage":"de","@id":"https:\/\/www.patientenbeteiligung.de\/brandenburg\/#\/schema\/person\/image\/","url":"https:\/\/secure.gravatar.com\/avatar\/19d75b5115958e3d45c99b4d791e5104ca45aea5497488b6180701cf309c4c80?s=96&d=mm&r=g","contentUrl":"https:\/\/secure.gravatar.com\/avatar\/19d75b5115958e3d45c99b4d791e5104ca45aea5497488b6180701cf309c4c80?s=96&d=mm&r=g","caption":"Heinz Str\u00fcwing"}}]}},"_links":{"self":[{"href":"https:\/\/www.patientenbeteiligung.de\/brandenburg\/wp-json\/wp\/v2\/posts\/328","targetHints":{"allow":["GET"]}}],"collection":[{"href":"https:\/\/www.patientenbeteiligung.de\/brandenburg\/wp-json\/wp\/v2\/posts"}],"about":[{"href":"https:\/\/www.patientenbeteiligung.de\/brandenburg\/wp-json\/wp\/v2\/types\/post"}],"author":[{"embeddable":true,"href":"https:\/\/www.patientenbeteiligung.de\/brandenburg\/wp-json\/wp\/v2\/users\/9"}],"replies":[{"embeddable":true,"href":"https:\/\/www.patientenbeteiligung.de\/brandenburg\/wp-json\/wp\/v2\/comments?post=328"}],"version-history":[{"count":3,"href":"https:\/\/www.patientenbeteiligung.de\/brandenburg\/wp-json\/wp\/v2\/posts\/328\/revisions"}],"predecessor-version":[{"id":343,"href":"https:\/\/www.patientenbeteiligung.de\/brandenburg\/wp-json\/wp\/v2\/posts\/328\/revisions\/343"}],"wp:attachment":[{"href":"https:\/\/www.patientenbeteiligung.de\/brandenburg\/wp-json\/wp\/v2\/media?parent=328"}],"wp:term":[{"taxonomy":"category","embeddable":true,"href":"https:\/\/www.patientenbeteiligung.de\/brandenburg\/wp-json\/wp\/v2\/categories?post=328"},{"taxonomy":"post_tag","embeddable":true,"href":"https:\/\/www.patientenbeteiligung.de\/brandenburg\/wp-json\/wp\/v2\/tags?post=328"}],"curies":[{"name":"wp","href":"https:\/\/api.w.org\/{rel}","templated":true}]}}