{"id":25,"date":"2019-06-18T13:22:21","date_gmt":"2019-06-18T11:22:21","guid":{"rendered":"https:\/\/www.patientenbeteiligung.de\/brandenburg\/?p=25"},"modified":"2021-12-02T15:47:06","modified_gmt":"2021-12-02T14:47:06","slug":"tag-der-offenen-tuer-der-lag-selbsthilfe","status":"publish","type":"post","link":"https:\/\/www.patientenbeteiligung.de\/brandenburg\/2019\/06\/18\/tag-der-offenen-tuer-der-lag-selbsthilfe\/","title":{"rendered":"Tag der offenen T\u00fcr der LAG-Selbsthilfe"},"content":{"rendered":"<p>20.05.2019: Am Tag der offenen T\u00fcr der <a href=\"http:\/\/lag-selbsthilfe-bb.de\/\" target=\"_blank\" rel=\"noopener noreferrer\">Landesarbeitsgemeinschaft Selbsthilfe <\/a>(LAG-SH) in Schwedt tauschte sich Herr Seehagen, Referent der Koordinierungsstelle f\u00fcr Patientenbeteiligung in Brandenburg, \u00fcber Patientenbeteiligung im Gesundheitswesen aus. Die Landesarbeitsgemeinschaft Selbsthilfe e.V.\u00a0 ist die Dachorganisation von derzeit 18 Selbsthilfeverb\u00e4nden von Menschen mit Behinderung und chronischen Krankheiten sowie ihren Angeh\u00f6rigen.<!--more--><\/p>\n<div id=\"attachment_26\" style=\"width: 310px\" class=\"wp-caption alignleft\"><a href=\"https:\/\/www.patientenbeteiligung.de\/brandenburg\/wp-content\/uploads\/sites\/6\/2019\/06\/PatBeteil_1_TdoT_LAG-SH_BB_H.-J.-_Wenzel.jpg\"><img fetchpriority=\"high\" decoding=\"async\" aria-describedby=\"caption-attachment-26\" class=\"wp-image-26 size-medium\" src=\"https:\/\/www.patientenbeteiligung.de\/brandenburg\/wp-content\/uploads\/sites\/6\/2019\/06\/PatBeteil_1_TdoT_LAG-SH_BB_H.-J.-_Wenzel-300x200.jpg\" alt=\"\" width=\"300\" height=\"200\" srcset=\"https:\/\/www.patientenbeteiligung.de\/brandenburg\/wp-content\/uploads\/sites\/6\/2019\/06\/PatBeteil_1_TdoT_LAG-SH_BB_H.-J.-_Wenzel-300x200.jpg 300w, https:\/\/www.patientenbeteiligung.de\/brandenburg\/wp-content\/uploads\/sites\/6\/2019\/06\/PatBeteil_1_TdoT_LAG-SH_BB_H.-J.-_Wenzel.jpg 640w\" sizes=\"(max-width: 300px) 100vw, 300px\" \/><\/a><p id=\"caption-attachment-26\" class=\"wp-caption-text\">Herr Seehagen (l.) im Gespr\u00e4ch mit Frau Schultze von der REKIS-Kontaktstelle f\u00fcr Selbsthilfegruppen und Frau Seehagen, der dPV-Regionalgruppenleiterin Schwedt<\/p><\/div>\n<div id=\"attachment_27\" style=\"width: 310px\" class=\"wp-caption alignleft\"><a href=\"https:\/\/www.patientenbeteiligung.de\/brandenburg\/wp-content\/uploads\/sites\/6\/2019\/06\/PatBeteil_2_TdoT_LAG-SH_BB_H.-J.-_Wenzel.jpg\"><img decoding=\"async\" aria-describedby=\"caption-attachment-27\" class=\"wp-image-27 size-medium\" src=\"https:\/\/www.patientenbeteiligung.de\/brandenburg\/wp-content\/uploads\/sites\/6\/2019\/06\/PatBeteil_2_TdoT_LAG-SH_BB_H.-J.-_Wenzel-300x200.jpg\" alt=\"\" width=\"300\" height=\"200\" srcset=\"https:\/\/www.patientenbeteiligung.de\/brandenburg\/wp-content\/uploads\/sites\/6\/2019\/06\/PatBeteil_2_TdoT_LAG-SH_BB_H.-J.-_Wenzel-300x200.jpg 300w, https:\/\/www.patientenbeteiligung.de\/brandenburg\/wp-content\/uploads\/sites\/6\/2019\/06\/PatBeteil_2_TdoT_LAG-SH_BB_H.-J.-_Wenzel.jpg 640w\" sizes=\"(max-width: 300px) 100vw, 300px\" \/><\/a><p id=\"caption-attachment-27\" class=\"wp-caption-text\">Herr Seehagen im Gespr\u00e4ch mit Frau Helms, Gesch\u00e4ftsf\u00fchrerin NAKOS sowie Frau Wegner, 1. Vorstandsvorsitzende der LAG-SH<\/p><\/div>\n","protected":false},"excerpt":{"rendered":"<p>20.05.2019: Am Tag der offenen T\u00fcr der Landesarbeitsgemeinschaft Selbsthilfe (LAG-SH) in Schwedt tauschte sich Herr Seehagen, Referent der Koordinierungsstelle f\u00fcr Patientenbeteiligung in Brandenburg, \u00fcber Patientenbeteiligung im Gesundheitswesen aus. Die Landesarbeitsgemeinschaft Selbsthilfe e.V.\u00a0 ist die Dachorganisation von derzeit 18 Selbsthilfeverb\u00e4nden von Menschen mit Behinderung und chronischen Krankheiten sowie ihren Angeh\u00f6rigen.<\/p>\n","protected":false},"author":1,"featured_media":54,"comment_status":"closed","ping_status":"open","sticky":false,"template":"","format":"standard","meta":{"_acf_changed":false,"footnotes":""},"categories":[18],"tags":[],"class_list":["post-25","post","type-post","status-publish","format-standard","has-post-thumbnail","hentry","category-archiv"],"acf":[],"yoast_head":"<!-- This site is optimized with the Yoast SEO plugin v24.9 - https:\/\/yoast.com\/wordpress\/plugins\/seo\/ -->\n<title>Tag der offenen T\u00fcr der LAG-Selbsthilfe - Brandenburg<\/title>\n<meta name=\"robots\" content=\"index, follow, max-snippet:-1, max-image-preview:large, max-video-preview:-1\" \/>\n<link rel=\"canonical\" href=\"https:\/\/www.patientenbeteiligung.de\/brandenburg\/2019\/06\/18\/tag-der-offenen-tuer-der-lag-selbsthilfe\/\" \/>\n<meta property=\"og:locale\" content=\"de_DE\" \/>\n<meta property=\"og:type\" content=\"article\" \/>\n<meta property=\"og:title\" content=\"Tag der offenen T\u00fcr der LAG-Selbsthilfe - Brandenburg\" \/>\n<meta property=\"og:description\" content=\"20.05.2019: Am Tag der offenen T\u00fcr der Landesarbeitsgemeinschaft Selbsthilfe (LAG-SH) in Schwedt tauschte sich Herr Seehagen, Referent der Koordinierungsstelle f\u00fcr Patientenbeteiligung in Brandenburg, \u00fcber Patientenbeteiligung im Gesundheitswesen aus. Die Landesarbeitsgemeinschaft Selbsthilfe e.V.\u00a0 ist die Dachorganisation von derzeit 18 Selbsthilfeverb\u00e4nden von Menschen mit Behinderung und chronischen Krankheiten sowie ihren Angeh\u00f6rigen.\" \/>\n<meta property=\"og:url\" content=\"https:\/\/www.patientenbeteiligung.de\/brandenburg\/2019\/06\/18\/tag-der-offenen-tuer-der-lag-selbsthilfe\/\" \/>\n<meta property=\"og:site_name\" content=\"Brandenburg\" \/>\n<meta property=\"article:published_time\" content=\"2019-06-18T11:22:21+00:00\" \/>\n<meta property=\"article:modified_time\" content=\"2021-12-02T14:47:06+00:00\" \/>\n<meta property=\"og:image\" content=\"https:\/\/www.patientenbeteiligung.de\/brandenburg\/wp-content\/uploads\/sites\/6\/2019\/07\/PB-Brandenburg_180.png\" \/>\n\t<meta property=\"og:image:width\" content=\"293\" \/>\n\t<meta property=\"og:image:height\" content=\"180\" \/>\n\t<meta property=\"og:image:type\" content=\"image\/png\" \/>\n<meta name=\"twitter:card\" content=\"summary_large_image\" \/>\n<meta name=\"twitter:label1\" content=\"Verfasst von\" \/>\n\t<meta name=\"twitter:data1\" content=\"\" \/>\n\t<meta name=\"twitter:label2\" content=\"Gesch\u00e4tzte Lesezeit\" \/>\n\t<meta name=\"twitter:data2\" content=\"1\u00a0Minute\" \/>\n<script type=\"application\/ld+json\" class=\"yoast-schema-graph\">{\"@context\":\"https:\/\/schema.org\",\"@graph\":[{\"@type\":\"WebPage\",\"@id\":\"https:\/\/www.patientenbeteiligung.de\/brandenburg\/2019\/06\/18\/tag-der-offenen-tuer-der-lag-selbsthilfe\/\",\"url\":\"https:\/\/www.patientenbeteiligung.de\/brandenburg\/2019\/06\/18\/tag-der-offenen-tuer-der-lag-selbsthilfe\/\",\"name\":\"Tag der offenen T\u00fcr der LAG-Selbsthilfe - Brandenburg\",\"isPartOf\":{\"@id\":\"https:\/\/www.patientenbeteiligung.de\/brandenburg\/#website\"},\"primaryImageOfPage\":{\"@id\":\"https:\/\/www.patientenbeteiligung.de\/brandenburg\/2019\/06\/18\/tag-der-offenen-tuer-der-lag-selbsthilfe\/#primaryimage\"},\"image\":{\"@id\":\"https:\/\/www.patientenbeteiligung.de\/brandenburg\/2019\/06\/18\/tag-der-offenen-tuer-der-lag-selbsthilfe\/#primaryimage\"},\"thumbnailUrl\":\"https:\/\/www.patientenbeteiligung.de\/brandenburg\/wp-content\/uploads\/sites\/6\/2019\/07\/PB-Brandenburg_180.png\",\"datePublished\":\"2019-06-18T11:22:21+00:00\",\"dateModified\":\"2021-12-02T14:47:06+00:00\",\"author\":{\"@id\":\"\"},\"breadcrumb\":{\"@id\":\"https:\/\/www.patientenbeteiligung.de\/brandenburg\/2019\/06\/18\/tag-der-offenen-tuer-der-lag-selbsthilfe\/#breadcrumb\"},\"inLanguage\":\"de\",\"potentialAction\":[{\"@type\":\"ReadAction\",\"target\":[\"https:\/\/www.patientenbeteiligung.de\/brandenburg\/2019\/06\/18\/tag-der-offenen-tuer-der-lag-selbsthilfe\/\"]}]},{\"@type\":\"ImageObject\",\"inLanguage\":\"de\",\"@id\":\"https:\/\/www.patientenbeteiligung.de\/brandenburg\/2019\/06\/18\/tag-der-offenen-tuer-der-lag-selbsthilfe\/#primaryimage\",\"url\":\"https:\/\/www.patientenbeteiligung.de\/brandenburg\/wp-content\/uploads\/sites\/6\/2019\/07\/PB-Brandenburg_180.png\",\"contentUrl\":\"https:\/\/www.patientenbeteiligung.de\/brandenburg\/wp-content\/uploads\/sites\/6\/2019\/07\/PB-Brandenburg_180.png\",\"width\":293,\"height\":180},{\"@type\":\"BreadcrumbList\",\"@id\":\"https:\/\/www.patientenbeteiligung.de\/brandenburg\/2019\/06\/18\/tag-der-offenen-tuer-der-lag-selbsthilfe\/#breadcrumb\",\"itemListElement\":[{\"@type\":\"ListItem\",\"position\":1,\"name\":\"Startseite\",\"item\":\"https:\/\/www.patientenbeteiligung.de\/brandenburg\/\"},{\"@type\":\"ListItem\",\"position\":2,\"name\":\"Tag der offenen T\u00fcr der LAG-Selbsthilfe\"}]},{\"@type\":\"WebSite\",\"@id\":\"https:\/\/www.patientenbeteiligung.de\/brandenburg\/#website\",\"url\":\"https:\/\/www.patientenbeteiligung.de\/brandenburg\/\",\"name\":\"Brandenburg\",\"description\":\"Patentenbeteiligung in Brandenburg\",\"potentialAction\":[{\"@type\":\"SearchAction\",\"target\":{\"@type\":\"EntryPoint\",\"urlTemplate\":\"https:\/\/www.patientenbeteiligung.de\/brandenburg\/?s={search_term_string}\"},\"query-input\":{\"@type\":\"PropertyValueSpecification\",\"valueRequired\":true,\"valueName\":\"search_term_string\"}}],\"inLanguage\":\"de\"},{\"@type\":\"Person\",\"@id\":\"\"}]}<\/script>\n<!-- \/ Yoast SEO plugin. -->","yoast_head_json":{"title":"Tag der offenen T\u00fcr der LAG-Selbsthilfe - Brandenburg","robots":{"index":"index","follow":"follow","max-snippet":"max-snippet:-1","max-image-preview":"max-image-preview:large","max-video-preview":"max-video-preview:-1"},"canonical":"https:\/\/www.patientenbeteiligung.de\/brandenburg\/2019\/06\/18\/tag-der-offenen-tuer-der-lag-selbsthilfe\/","og_locale":"de_DE","og_type":"article","og_title":"Tag der offenen T\u00fcr der LAG-Selbsthilfe - Brandenburg","og_description":"20.05.2019: Am Tag der offenen T\u00fcr der Landesarbeitsgemeinschaft Selbsthilfe (LAG-SH) in Schwedt tauschte sich Herr Seehagen, Referent der Koordinierungsstelle f\u00fcr Patientenbeteiligung in Brandenburg, \u00fcber Patientenbeteiligung im Gesundheitswesen aus. Die Landesarbeitsgemeinschaft Selbsthilfe e.V.\u00a0 ist die Dachorganisation von derzeit 18 Selbsthilfeverb\u00e4nden von Menschen mit Behinderung und chronischen Krankheiten sowie ihren Angeh\u00f6rigen.","og_url":"https:\/\/www.patientenbeteiligung.de\/brandenburg\/2019\/06\/18\/tag-der-offenen-tuer-der-lag-selbsthilfe\/","og_site_name":"Brandenburg","article_published_time":"2019-06-18T11:22:21+00:00","article_modified_time":"2021-12-02T14:47:06+00:00","og_image":[{"width":293,"height":180,"url":"https:\/\/www.patientenbeteiligung.de\/brandenburg\/wp-content\/uploads\/sites\/6\/2019\/07\/PB-Brandenburg_180.png","type":"image\/png"}],"twitter_card":"summary_large_image","twitter_misc":{"Verfasst von":"","Gesch\u00e4tzte Lesezeit":"1\u00a0Minute"},"schema":{"@context":"https:\/\/schema.org","@graph":[{"@type":"WebPage","@id":"https:\/\/www.patientenbeteiligung.de\/brandenburg\/2019\/06\/18\/tag-der-offenen-tuer-der-lag-selbsthilfe\/","url":"https:\/\/www.patientenbeteiligung.de\/brandenburg\/2019\/06\/18\/tag-der-offenen-tuer-der-lag-selbsthilfe\/","name":"Tag der offenen T\u00fcr der LAG-Selbsthilfe - Brandenburg","isPartOf":{"@id":"https:\/\/www.patientenbeteiligung.de\/brandenburg\/#website"},"primaryImageOfPage":{"@id":"https:\/\/www.patientenbeteiligung.de\/brandenburg\/2019\/06\/18\/tag-der-offenen-tuer-der-lag-selbsthilfe\/#primaryimage"},"image":{"@id":"https:\/\/www.patientenbeteiligung.de\/brandenburg\/2019\/06\/18\/tag-der-offenen-tuer-der-lag-selbsthilfe\/#primaryimage"},"thumbnailUrl":"https:\/\/www.patientenbeteiligung.de\/brandenburg\/wp-content\/uploads\/sites\/6\/2019\/07\/PB-Brandenburg_180.png","datePublished":"2019-06-18T11:22:21+00:00","dateModified":"2021-12-02T14:47:06+00:00","author":{"@id":""},"breadcrumb":{"@id":"https:\/\/www.patientenbeteiligung.de\/brandenburg\/2019\/06\/18\/tag-der-offenen-tuer-der-lag-selbsthilfe\/#breadcrumb"},"inLanguage":"de","potentialAction":[{"@type":"ReadAction","target":["https:\/\/www.patientenbeteiligung.de\/brandenburg\/2019\/06\/18\/tag-der-offenen-tuer-der-lag-selbsthilfe\/"]}]},{"@type":"ImageObject","inLanguage":"de","@id":"https:\/\/www.patientenbeteiligung.de\/brandenburg\/2019\/06\/18\/tag-der-offenen-tuer-der-lag-selbsthilfe\/#primaryimage","url":"https:\/\/www.patientenbeteiligung.de\/brandenburg\/wp-content\/uploads\/sites\/6\/2019\/07\/PB-Brandenburg_180.png","contentUrl":"https:\/\/www.patientenbeteiligung.de\/brandenburg\/wp-content\/uploads\/sites\/6\/2019\/07\/PB-Brandenburg_180.png","width":293,"height":180},{"@type":"BreadcrumbList","@id":"https:\/\/www.patientenbeteiligung.de\/brandenburg\/2019\/06\/18\/tag-der-offenen-tuer-der-lag-selbsthilfe\/#breadcrumb","itemListElement":[{"@type":"ListItem","position":1,"name":"Startseite","item":"https:\/\/www.patientenbeteiligung.de\/brandenburg\/"},{"@type":"ListItem","position":2,"name":"Tag der offenen T\u00fcr der LAG-Selbsthilfe"}]},{"@type":"WebSite","@id":"https:\/\/www.patientenbeteiligung.de\/brandenburg\/#website","url":"https:\/\/www.patientenbeteiligung.de\/brandenburg\/","name":"Brandenburg","description":"Patentenbeteiligung in Brandenburg","potentialAction":[{"@type":"SearchAction","target":{"@type":"EntryPoint","urlTemplate":"https:\/\/www.patientenbeteiligung.de\/brandenburg\/?s={search_term_string}"},"query-input":{"@type":"PropertyValueSpecification","valueRequired":true,"valueName":"search_term_string"}}],"inLanguage":"de"},{"@type":"Person","@id":""}]}},"_links":{"self":[{"href":"https:\/\/www.patientenbeteiligung.de\/brandenburg\/wp-json\/wp\/v2\/posts\/25","targetHints":{"allow":["GET"]}}],"collection":[{"href":"https:\/\/www.patientenbeteiligung.de\/brandenburg\/wp-json\/wp\/v2\/posts"}],"about":[{"href":"https:\/\/www.patientenbeteiligung.de\/brandenburg\/wp-json\/wp\/v2\/types\/post"}],"author":[{"embeddable":true,"href":"https:\/\/www.patientenbeteiligung.de\/brandenburg\/wp-json\/wp\/v2\/users\/1"}],"replies":[{"embeddable":true,"href":"https:\/\/www.patientenbeteiligung.de\/brandenburg\/wp-json\/wp\/v2\/comments?post=25"}],"version-history":[{"count":11,"href":"https:\/\/www.patientenbeteiligung.de\/brandenburg\/wp-json\/wp\/v2\/posts\/25\/revisions"}],"predecessor-version":[{"id":289,"href":"https:\/\/www.patientenbeteiligung.de\/brandenburg\/wp-json\/wp\/v2\/posts\/25\/revisions\/289"}],"wp:featuredmedia":[{"embeddable":true,"href":"https:\/\/www.patientenbeteiligung.de\/brandenburg\/wp-json\/wp\/v2\/media\/54"}],"wp:attachment":[{"href":"https:\/\/www.patientenbeteiligung.de\/brandenburg\/wp-json\/wp\/v2\/media?parent=25"}],"wp:term":[{"taxonomy":"category","embeddable":true,"href":"https:\/\/www.patientenbeteiligung.de\/brandenburg\/wp-json\/wp\/v2\/categories?post=25"},{"taxonomy":"post_tag","embeddable":true,"href":"https:\/\/www.patientenbeteiligung.de\/brandenburg\/wp-json\/wp\/v2\/tags?post=25"}],"curies":[{"name":"wp","href":"https:\/\/api.w.org\/{rel}","templated":true}]}}