{"id":140,"date":"2019-12-05T17:40:37","date_gmt":"2019-12-05T16:40:37","guid":{"rendered":"https:\/\/www.patientenbeteiligung.de\/brandenburg\/?p=140"},"modified":"2021-12-02T15:50:07","modified_gmt":"2021-12-02T14:50:07","slug":"bericht-zur-brandenburgischen-diabeteskonferenz","status":"publish","type":"post","link":"https:\/\/www.patientenbeteiligung.de\/brandenburg\/2019\/12\/05\/bericht-zur-brandenburgischen-diabeteskonferenz\/","title":{"rendered":"Bericht zur Brandenburgischen Diabeteskonferenz"},"content":{"rendered":"<div data-canvas-width=\"296.63333333333344\">\n<div id=\"attachment_134\" style=\"width: 310px\" class=\"wp-caption alignleft\"><a href=\"https:\/\/www.patientenbeteiligung.de\/brandenburg\/wp-content\/uploads\/sites\/6\/2019\/12\/Frau-Ministerin-Nonnemacher-und-Koordinator-Patientenbeteiligung-im-Land-Brande.jpg\"><img fetchpriority=\"high\" decoding=\"async\" aria-describedby=\"caption-attachment-134\" class=\"size-medium wp-image-134\" src=\"https:\/\/www.patientenbeteiligung.de\/brandenburg\/wp-content\/uploads\/sites\/6\/2019\/12\/Frau-Ministerin-Nonnemacher-und-Koordinator-Patientenbeteiligung-im-Land-Brande-300x169.jpg\" alt=\"\" width=\"300\" height=\"169\" srcset=\"https:\/\/www.patientenbeteiligung.de\/brandenburg\/wp-content\/uploads\/sites\/6\/2019\/12\/Frau-Ministerin-Nonnemacher-und-Koordinator-Patientenbeteiligung-im-Land-Brande-300x169.jpg 300w, https:\/\/www.patientenbeteiligung.de\/brandenburg\/wp-content\/uploads\/sites\/6\/2019\/12\/Frau-Ministerin-Nonnemacher-und-Koordinator-Patientenbeteiligung-im-Land-Brande-1024x576.jpg 1024w, https:\/\/www.patientenbeteiligung.de\/brandenburg\/wp-content\/uploads\/sites\/6\/2019\/12\/Frau-Ministerin-Nonnemacher-und-Koordinator-Patientenbeteiligung-im-Land-Brande.jpg 1240w\" sizes=\"(max-width: 300px) 100vw, 300px\" \/><\/a><p id=\"caption-attachment-134\" class=\"wp-caption-text\">\u00a9 Koordinierungsstelle Patientenbeteiligung Brandenburg<\/p><\/div>\n<p>Am 21.11.2019 wurde anl\u00e4sslich der Brandenburgischen Diabeteskonferenz die vom Landtag initiierte\u00a0Expertise zum Stand des Diabetes mellitus Typ II in Brandenburg vorgelegt. Frau Dr. M\u00fcller (AGENON\u00a0GmbH) f\u00fchrte in die von der AGENON GmbH erarbeitete Expertise ein.<\/p>\n<\/div>\n<div data-canvas-width=\"587.2826666666667\">Diese Expertise ist auf der Internetseite des Ministeriums f\u00fcr Soziales, Gesundheit, Integration und\u00a0Verbraucherschutz (MSGIV) ver\u00f6ffentlicht und <a href=\"https:\/\/msgiv.brandenburg.de\/msgiv\/de\/service\/publikationen\/detail\/~29-07-2019-diabetes-mellitus-typ-2-in-brandenburg---verbreitung--versorgung--vermeidung-beitraege-zu\" target=\"_blank\" rel=\"noopener noreferrer\">hier bestellbar oder herunterladbar<\/a>.<\/div>\n<p><!--more--><\/p>\n<div data-canvas-width=\"528.3666666666667\"><\/div>\n<div data-canvas-width=\"583.4106666666667\">Der Vortrag von Herrn Prof. Dr. M\u00fcller zu neuen Erkenntnissen zur Pr\u00e4vention und Versorgung von<\/div>\n<div data-canvas-width=\"402.9226666666669\">Diabetes mellitus Typ II f\u00fchrte zu teils stark kontroverser Diskussion.<\/div>\n<div data-canvas-width=\"402.9226666666669\"><\/div>\n<div data-canvas-width=\"573.8479999999998\">Die Ergebnisse der Workshops zu den Themen \u201eWie k\u00f6nnen im Land Brandenburg Lebenswelten\u00a0gesundheitsf\u00f6rderlicher im Sinne der Pr\u00e4vention von Diabetes mellitus Typ II gestaltet werden?\u201c und\u00a0\u201eWie kann die Versorgung von vulnerablen Gruppen von Diabetespatientinnen und -patienten<\/div>\n<div data-canvas-width=\"503.02266666666685\">verbessert werden?\u201c wurden der gesamten Konferenz vorgestellt und hier diskutiert.<\/div>\n<div data-canvas-width=\"503.02266666666685\"><\/div>\n<div data-canvas-width=\"522.0159999999998\">Frau Ministerin Nonnemacher lie\u00df es sich nicht nehmen, an Ihrem ersten Arbeitstag zur\u00a0Diabeteskonferenz ein Gru\u00dfwort zu sprechen und den Anwesenden ihr Engagement f\u00fcr die von\u00a0Krankheit und\/oder Behinderung betroffenen Menschen in Brandenburg sehr zu verdeutlichen. Als<\/div>\n<div data-canvas-width=\"465.9013333333333\">Medizinerin sind ihr die Sorgen und N\u00f6te der B\u00fcrgerinnen und B\u00fcrger und der\u00a0Gesundheitseinrichtungen vertraut.<\/div>\n","protected":false},"excerpt":{"rendered":"<p>Am 21.11.2019 wurde anl\u00e4sslich der Brandenburgischen Diabeteskonferenz die vom Landtag initiierte\u00a0Expertise zum Stand des Diabetes mellitus Typ II in Brandenburg vorgelegt. Frau Dr. M\u00fcller (AGENON\u00a0GmbH) f\u00fchrte in die von der AGENON GmbH erarbeitete Expertise ein. Diese Expertise ist auf der Internetseite des Ministeriums f\u00fcr Soziales, Gesundheit, Integration und\u00a0Verbraucherschutz (MSGIV) ver\u00f6ffentlicht [&hellip;]<\/p>\n","protected":false},"author":1,"featured_media":0,"comment_status":"open","ping_status":"open","sticky":false,"template":"","format":"standard","meta":{"_acf_changed":false,"footnotes":""},"categories":[18],"tags":[],"class_list":["post-140","post","type-post","status-publish","format-standard","hentry","category-archiv"],"acf":[],"yoast_head":"<!-- This site is optimized with the Yoast SEO plugin v24.9 - https:\/\/yoast.com\/wordpress\/plugins\/seo\/ -->\n<title>Bericht zur Brandenburgischen Diabeteskonferenz - Brandenburg<\/title>\n<meta name=\"robots\" content=\"index, follow, max-snippet:-1, max-image-preview:large, max-video-preview:-1\" \/>\n<link rel=\"canonical\" href=\"https:\/\/www.patientenbeteiligung.de\/brandenburg\/2019\/12\/05\/bericht-zur-brandenburgischen-diabeteskonferenz\/\" \/>\n<meta property=\"og:locale\" content=\"de_DE\" \/>\n<meta property=\"og:type\" content=\"article\" \/>\n<meta property=\"og:title\" content=\"Bericht zur Brandenburgischen Diabeteskonferenz - Brandenburg\" \/>\n<meta property=\"og:description\" content=\"Am 21.11.2019 wurde anl\u00e4sslich der Brandenburgischen Diabeteskonferenz die vom Landtag initiierte\u00a0Expertise zum Stand des Diabetes mellitus Typ II in Brandenburg vorgelegt. Frau Dr. M\u00fcller (AGENON\u00a0GmbH) f\u00fchrte in die von der AGENON GmbH erarbeitete Expertise ein. Diese Expertise ist auf der Internetseite des Ministeriums f\u00fcr Soziales, Gesundheit, Integration und\u00a0Verbraucherschutz (MSGIV) ver\u00f6ffentlicht [&hellip;]\" \/>\n<meta property=\"og:url\" content=\"https:\/\/www.patientenbeteiligung.de\/brandenburg\/2019\/12\/05\/bericht-zur-brandenburgischen-diabeteskonferenz\/\" \/>\n<meta property=\"og:site_name\" content=\"Brandenburg\" \/>\n<meta property=\"article:published_time\" content=\"2019-12-05T16:40:37+00:00\" \/>\n<meta property=\"article:modified_time\" content=\"2021-12-02T14:50:07+00:00\" \/>\n<meta property=\"og:image\" content=\"https:\/\/www.patientenbeteiligung.de\/brandenburg\/wp-content\/uploads\/sites\/6\/2019\/12\/Frau-Ministerin-Nonnemacher-und-Koordinator-Patientenbeteiligung-im-Land-Brande-300x169.jpg\" \/>\n<meta name=\"twitter:card\" content=\"summary_large_image\" \/>\n<meta name=\"twitter:label1\" content=\"Verfasst von\" \/>\n\t<meta name=\"twitter:data1\" content=\"\" \/>\n\t<meta name=\"twitter:label2\" content=\"Gesch\u00e4tzte Lesezeit\" \/>\n\t<meta name=\"twitter:data2\" content=\"2\u00a0Minuten\" \/>\n<script type=\"application\/ld+json\" class=\"yoast-schema-graph\">{\"@context\":\"https:\/\/schema.org\",\"@graph\":[{\"@type\":\"WebPage\",\"@id\":\"https:\/\/www.patientenbeteiligung.de\/brandenburg\/2019\/12\/05\/bericht-zur-brandenburgischen-diabeteskonferenz\/\",\"url\":\"https:\/\/www.patientenbeteiligung.de\/brandenburg\/2019\/12\/05\/bericht-zur-brandenburgischen-diabeteskonferenz\/\",\"name\":\"Bericht zur Brandenburgischen Diabeteskonferenz - Brandenburg\",\"isPartOf\":{\"@id\":\"https:\/\/www.patientenbeteiligung.de\/brandenburg\/#website\"},\"primaryImageOfPage\":{\"@id\":\"https:\/\/www.patientenbeteiligung.de\/brandenburg\/2019\/12\/05\/bericht-zur-brandenburgischen-diabeteskonferenz\/#primaryimage\"},\"image\":{\"@id\":\"https:\/\/www.patientenbeteiligung.de\/brandenburg\/2019\/12\/05\/bericht-zur-brandenburgischen-diabeteskonferenz\/#primaryimage\"},\"thumbnailUrl\":\"https:\/\/www.patientenbeteiligung.de\/brandenburg\/wp-content\/uploads\/sites\/6\/2019\/12\/Frau-Ministerin-Nonnemacher-und-Koordinator-Patientenbeteiligung-im-Land-Brande-300x169.jpg\",\"datePublished\":\"2019-12-05T16:40:37+00:00\",\"dateModified\":\"2021-12-02T14:50:07+00:00\",\"author\":{\"@id\":\"\"},\"breadcrumb\":{\"@id\":\"https:\/\/www.patientenbeteiligung.de\/brandenburg\/2019\/12\/05\/bericht-zur-brandenburgischen-diabeteskonferenz\/#breadcrumb\"},\"inLanguage\":\"de\",\"potentialAction\":[{\"@type\":\"ReadAction\",\"target\":[\"https:\/\/www.patientenbeteiligung.de\/brandenburg\/2019\/12\/05\/bericht-zur-brandenburgischen-diabeteskonferenz\/\"]}]},{\"@type\":\"ImageObject\",\"inLanguage\":\"de\",\"@id\":\"https:\/\/www.patientenbeteiligung.de\/brandenburg\/2019\/12\/05\/bericht-zur-brandenburgischen-diabeteskonferenz\/#primaryimage\",\"url\":\"https:\/\/www.patientenbeteiligung.de\/brandenburg\/wp-content\/uploads\/sites\/6\/2019\/12\/Frau-Ministerin-Nonnemacher-und-Koordinator-Patientenbeteiligung-im-Land-Brande.jpg\",\"contentUrl\":\"https:\/\/www.patientenbeteiligung.de\/brandenburg\/wp-content\/uploads\/sites\/6\/2019\/12\/Frau-Ministerin-Nonnemacher-und-Koordinator-Patientenbeteiligung-im-Land-Brande.jpg\",\"width\":1240,\"height\":697,\"caption\":\"\u00a9 Koordinierungsstelle Patientenbeteiligung Brandenburg\"},{\"@type\":\"BreadcrumbList\",\"@id\":\"https:\/\/www.patientenbeteiligung.de\/brandenburg\/2019\/12\/05\/bericht-zur-brandenburgischen-diabeteskonferenz\/#breadcrumb\",\"itemListElement\":[{\"@type\":\"ListItem\",\"position\":1,\"name\":\"Startseite\",\"item\":\"https:\/\/www.patientenbeteiligung.de\/brandenburg\/\"},{\"@type\":\"ListItem\",\"position\":2,\"name\":\"Bericht zur Brandenburgischen Diabeteskonferenz\"}]},{\"@type\":\"WebSite\",\"@id\":\"https:\/\/www.patientenbeteiligung.de\/brandenburg\/#website\",\"url\":\"https:\/\/www.patientenbeteiligung.de\/brandenburg\/\",\"name\":\"Brandenburg\",\"description\":\"Patentenbeteiligung in Brandenburg\",\"potentialAction\":[{\"@type\":\"SearchAction\",\"target\":{\"@type\":\"EntryPoint\",\"urlTemplate\":\"https:\/\/www.patientenbeteiligung.de\/brandenburg\/?s={search_term_string}\"},\"query-input\":{\"@type\":\"PropertyValueSpecification\",\"valueRequired\":true,\"valueName\":\"search_term_string\"}}],\"inLanguage\":\"de\"},{\"@type\":\"Person\",\"@id\":\"\"}]}<\/script>\n<!-- \/ Yoast SEO plugin. -->","yoast_head_json":{"title":"Bericht zur Brandenburgischen Diabeteskonferenz - Brandenburg","robots":{"index":"index","follow":"follow","max-snippet":"max-snippet:-1","max-image-preview":"max-image-preview:large","max-video-preview":"max-video-preview:-1"},"canonical":"https:\/\/www.patientenbeteiligung.de\/brandenburg\/2019\/12\/05\/bericht-zur-brandenburgischen-diabeteskonferenz\/","og_locale":"de_DE","og_type":"article","og_title":"Bericht zur Brandenburgischen Diabeteskonferenz - Brandenburg","og_description":"Am 21.11.2019 wurde anl\u00e4sslich der Brandenburgischen Diabeteskonferenz die vom Landtag initiierte\u00a0Expertise zum Stand des Diabetes mellitus Typ II in Brandenburg vorgelegt. Frau Dr. M\u00fcller (AGENON\u00a0GmbH) f\u00fchrte in die von der AGENON GmbH erarbeitete Expertise ein. Diese Expertise ist auf der Internetseite des Ministeriums f\u00fcr Soziales, Gesundheit, Integration und\u00a0Verbraucherschutz (MSGIV) ver\u00f6ffentlicht [&hellip;]","og_url":"https:\/\/www.patientenbeteiligung.de\/brandenburg\/2019\/12\/05\/bericht-zur-brandenburgischen-diabeteskonferenz\/","og_site_name":"Brandenburg","article_published_time":"2019-12-05T16:40:37+00:00","article_modified_time":"2021-12-02T14:50:07+00:00","og_image":[{"url":"https:\/\/www.patientenbeteiligung.de\/brandenburg\/wp-content\/uploads\/sites\/6\/2019\/12\/Frau-Ministerin-Nonnemacher-und-Koordinator-Patientenbeteiligung-im-Land-Brande-300x169.jpg","type":"","width":"","height":""}],"twitter_card":"summary_large_image","twitter_misc":{"Verfasst von":"","Gesch\u00e4tzte Lesezeit":"2\u00a0Minuten"},"schema":{"@context":"https:\/\/schema.org","@graph":[{"@type":"WebPage","@id":"https:\/\/www.patientenbeteiligung.de\/brandenburg\/2019\/12\/05\/bericht-zur-brandenburgischen-diabeteskonferenz\/","url":"https:\/\/www.patientenbeteiligung.de\/brandenburg\/2019\/12\/05\/bericht-zur-brandenburgischen-diabeteskonferenz\/","name":"Bericht zur Brandenburgischen Diabeteskonferenz - Brandenburg","isPartOf":{"@id":"https:\/\/www.patientenbeteiligung.de\/brandenburg\/#website"},"primaryImageOfPage":{"@id":"https:\/\/www.patientenbeteiligung.de\/brandenburg\/2019\/12\/05\/bericht-zur-brandenburgischen-diabeteskonferenz\/#primaryimage"},"image":{"@id":"https:\/\/www.patientenbeteiligung.de\/brandenburg\/2019\/12\/05\/bericht-zur-brandenburgischen-diabeteskonferenz\/#primaryimage"},"thumbnailUrl":"https:\/\/www.patientenbeteiligung.de\/brandenburg\/wp-content\/uploads\/sites\/6\/2019\/12\/Frau-Ministerin-Nonnemacher-und-Koordinator-Patientenbeteiligung-im-Land-Brande-300x169.jpg","datePublished":"2019-12-05T16:40:37+00:00","dateModified":"2021-12-02T14:50:07+00:00","author":{"@id":""},"breadcrumb":{"@id":"https:\/\/www.patientenbeteiligung.de\/brandenburg\/2019\/12\/05\/bericht-zur-brandenburgischen-diabeteskonferenz\/#breadcrumb"},"inLanguage":"de","potentialAction":[{"@type":"ReadAction","target":["https:\/\/www.patientenbeteiligung.de\/brandenburg\/2019\/12\/05\/bericht-zur-brandenburgischen-diabeteskonferenz\/"]}]},{"@type":"ImageObject","inLanguage":"de","@id":"https:\/\/www.patientenbeteiligung.de\/brandenburg\/2019\/12\/05\/bericht-zur-brandenburgischen-diabeteskonferenz\/#primaryimage","url":"https:\/\/www.patientenbeteiligung.de\/brandenburg\/wp-content\/uploads\/sites\/6\/2019\/12\/Frau-Ministerin-Nonnemacher-und-Koordinator-Patientenbeteiligung-im-Land-Brande.jpg","contentUrl":"https:\/\/www.patientenbeteiligung.de\/brandenburg\/wp-content\/uploads\/sites\/6\/2019\/12\/Frau-Ministerin-Nonnemacher-und-Koordinator-Patientenbeteiligung-im-Land-Brande.jpg","width":1240,"height":697,"caption":"\u00a9 Koordinierungsstelle Patientenbeteiligung Brandenburg"},{"@type":"BreadcrumbList","@id":"https:\/\/www.patientenbeteiligung.de\/brandenburg\/2019\/12\/05\/bericht-zur-brandenburgischen-diabeteskonferenz\/#breadcrumb","itemListElement":[{"@type":"ListItem","position":1,"name":"Startseite","item":"https:\/\/www.patientenbeteiligung.de\/brandenburg\/"},{"@type":"ListItem","position":2,"name":"Bericht zur Brandenburgischen Diabeteskonferenz"}]},{"@type":"WebSite","@id":"https:\/\/www.patientenbeteiligung.de\/brandenburg\/#website","url":"https:\/\/www.patientenbeteiligung.de\/brandenburg\/","name":"Brandenburg","description":"Patentenbeteiligung in Brandenburg","potentialAction":[{"@type":"SearchAction","target":{"@type":"EntryPoint","urlTemplate":"https:\/\/www.patientenbeteiligung.de\/brandenburg\/?s={search_term_string}"},"query-input":{"@type":"PropertyValueSpecification","valueRequired":true,"valueName":"search_term_string"}}],"inLanguage":"de"},{"@type":"Person","@id":""}]}},"_links":{"self":[{"href":"https:\/\/www.patientenbeteiligung.de\/brandenburg\/wp-json\/wp\/v2\/posts\/140","targetHints":{"allow":["GET"]}}],"collection":[{"href":"https:\/\/www.patientenbeteiligung.de\/brandenburg\/wp-json\/wp\/v2\/posts"}],"about":[{"href":"https:\/\/www.patientenbeteiligung.de\/brandenburg\/wp-json\/wp\/v2\/types\/post"}],"author":[{"embeddable":true,"href":"https:\/\/www.patientenbeteiligung.de\/brandenburg\/wp-json\/wp\/v2\/users\/1"}],"replies":[{"embeddable":true,"href":"https:\/\/www.patientenbeteiligung.de\/brandenburg\/wp-json\/wp\/v2\/comments?post=140"}],"version-history":[{"count":8,"href":"https:\/\/www.patientenbeteiligung.de\/brandenburg\/wp-json\/wp\/v2\/posts\/140\/revisions"}],"predecessor-version":[{"id":298,"href":"https:\/\/www.patientenbeteiligung.de\/brandenburg\/wp-json\/wp\/v2\/posts\/140\/revisions\/298"}],"wp:attachment":[{"href":"https:\/\/www.patientenbeteiligung.de\/brandenburg\/wp-json\/wp\/v2\/media?parent=140"}],"wp:term":[{"taxonomy":"category","embeddable":true,"href":"https:\/\/www.patientenbeteiligung.de\/brandenburg\/wp-json\/wp\/v2\/categories?post=140"},{"taxonomy":"post_tag","embeddable":true,"href":"https:\/\/www.patientenbeteiligung.de\/brandenburg\/wp-json\/wp\/v2\/tags?post=140"}],"curies":[{"name":"wp","href":"https:\/\/api.w.org\/{rel}","templated":true}]}}