{"id":122,"date":"2019-09-30T10:59:19","date_gmt":"2019-09-30T08:59:19","guid":{"rendered":"https:\/\/www.patientenbeteiligung.de\/brandenburg\/?p=122"},"modified":"2021-12-02T15:49:38","modified_gmt":"2021-12-02T14:49:38","slug":"informationsreise-auf-einladung-des-bevollmaechtigten-des-landes-brandenburg-beim-bund","status":"publish","type":"post","link":"https:\/\/www.patientenbeteiligung.de\/brandenburg\/2019\/09\/30\/informationsreise-auf-einladung-des-bevollmaechtigten-des-landes-brandenburg-beim-bund\/","title":{"rendered":"Informationsreise auf Einladung des Bevollm\u00e4chtigten des Landes Brandenburg beim Bund"},"content":{"rendered":"<p><strong>Berlin 13.09.2019. Als Zeichen der besonderen Wertsch\u00e4tzung f\u00fcr die meist ehrenamtlich t\u00e4tigen Patientenvertreter*innen in Brandenburg organisierten das MASGF und die Landesvertretung diese Reise. Gleichzeitig wurden so auch die durch die Koordinierungsstelle erbrachten Leistungen gew\u00fcrdigt.<\/strong><!--more--><\/p>\n<div id=\"attachment_123\" style=\"width: 310px\" class=\"wp-caption alignnone\"><a href=\"https:\/\/www.patientenbeteiligung.de\/brandenburg\/wp-content\/uploads\/sites\/6\/2019\/09\/Besuch-_Landesvertretung_2_Seibert.jpg\"><img fetchpriority=\"high\" decoding=\"async\" aria-describedby=\"caption-attachment-123\" class=\"wp-image-123 size-medium\" src=\"https:\/\/www.patientenbeteiligung.de\/brandenburg\/wp-content\/uploads\/sites\/6\/2019\/09\/Besuch-_Landesvertretung_2_Seibert-300x169.jpg\" alt=\"\" width=\"300\" height=\"169\" srcset=\"https:\/\/www.patientenbeteiligung.de\/brandenburg\/wp-content\/uploads\/sites\/6\/2019\/09\/Besuch-_Landesvertretung_2_Seibert-300x169.jpg 300w, https:\/\/www.patientenbeteiligung.de\/brandenburg\/wp-content\/uploads\/sites\/6\/2019\/09\/Besuch-_Landesvertretung_2_Seibert-1024x576.jpg 1024w, https:\/\/www.patientenbeteiligung.de\/brandenburg\/wp-content\/uploads\/sites\/6\/2019\/09\/Besuch-_Landesvertretung_2_Seibert.jpg 1600w\" sizes=\"(max-width: 300px) 100vw, 300px\" \/><\/a><p id=\"caption-attachment-123\" class=\"wp-caption-text\">Besuch in der Landesvertretung \u00a9 Patientenbeteiligung_Brandenburg\/Seibert<\/p><\/div>\n<p>Leider war nur sehr wenigen Patientenvertreter*innen die Teilnahme m\u00f6glich. Nicht nur k\u00f6rperliche Beeintr\u00e4chtigungen verhinderten die Teilnahme einiger Mitstreiter*innen. Manches Fehlen hatte berufliche Gr\u00fcnde. Hier besteht dringend politischer Handlungsbedarf zur st\u00e4rkeren Anerkennung des Ehrenamtes.<\/p>\n<p>Nach der individuellen Anreise trafen sich die Patientenvertreter*innen im Berliner Hauptbahnhof. Dort erwartete uns Frau Ossevorth vom Bundespresseamt. Sie betreute uns auf dieser Fahrt. Besonders hervorheben m\u00f6chte ich, dass durch die <a href=\"https:\/\/bvb.net\/bus-mieten\/barrierefreier-bus\" target=\"_blank\" rel=\"noopener noreferrer\">Bereitstellung eines rollstuhlgeeigneten Busses<\/a> auch Frau Seibert die Teilnahme erm\u00f6glicht wurde.<\/p>\n<div id=\"attachment_127\" style=\"width: 203px\" class=\"wp-caption alignleft\"><a href=\"https:\/\/www.patientenbeteiligung.de\/brandenburg\/wp-content\/uploads\/sites\/6\/2019\/09\/IMAG4181.jpg\"><img decoding=\"async\" aria-describedby=\"caption-attachment-127\" class=\"wp-image-127 size-medium\" src=\"https:\/\/www.patientenbeteiligung.de\/brandenburg\/wp-content\/uploads\/sites\/6\/2019\/09\/IMAG4181-193x300.jpg\" alt=\"\" width=\"193\" height=\"300\" srcset=\"https:\/\/www.patientenbeteiligung.de\/brandenburg\/wp-content\/uploads\/sites\/6\/2019\/09\/IMAG4181-193x300.jpg 193w, https:\/\/www.patientenbeteiligung.de\/brandenburg\/wp-content\/uploads\/sites\/6\/2019\/09\/IMAG4181-657x1024.jpg 657w\" sizes=\"(max-width: 193px) 100vw, 193px\" \/><\/a><p id=\"caption-attachment-127\" class=\"wp-caption-text\">\u00a9 Seehagen<\/p><\/div>\n<p>Unser erste Halt war bei der <a href=\"https:\/\/landesvertretung-brandenburg.de\" target=\"_blank\" rel=\"noopener noreferrer\">Landesvertretung Brandenburgs beim Bund<\/a>. Ein sehr interessantes Gespr\u00e4ch mit der Dienststellenleiterin, Frau Dr. Jahns-B\u00f6hm, \u00fcber das politische Berlin und die Patientenvertretung Brandenburgs ergab f\u00fcr alle Gespr\u00e4chspartner*innen neue Einsichten. Der gegenseitige Respekt und die Wertsch\u00e4tzung des pers\u00f6nlichen Einsatzes der Ehrenamtler*innen waren deutlich sp\u00fcrbar.<\/p>\n<p>Nach dem gemeinsamen Mittagessen \u00f6ffnete das <a href=\"https:\/\/www.bundesgesundheitsministerium.de\/service\/kontakt\/besucherdienst.html#c14677\" target=\"_blank\" rel=\"noopener noreferrer\">Bundesministerium f\u00fcr Gesundheit<\/a> seine T\u00fcren f\u00fcr uns. Im Besucherdienst erhielten wir von Herrn Falk nicht nur allgemeine Informationen zur Arbeit des Ministeriums. Auf Grund der im Vorfeld eingereichten Fragen waren zwei Referenten anwesend. Das ist au\u00dfergew\u00f6hnlich und wird deshalb hier extra erw\u00e4hnt. Es entwickelte sich ein intensives Gespr\u00e4ch zwischen Theoretikern und Praktikern zum Thema \u201eDigitale Versorgung Gesetz (DVG)\u201c.<\/p>\n<p>Bei der anschlie\u00dfenden Stadtrundfahrt waren nicht nur die Sehensw\u00fcrdigkeiten Berlins zu bewundern, sondern auch die Leistung unseres Busfahrers. Berlin ist eine Baustelle\u2026<\/p>\n<p>N\u00e4chstes Ziel war der <a href=\"https:\/\/www.bundesrat.de\/DE\/service\/besuch\/besuch-node.html\" target=\"_blank\" rel=\"noopener noreferrer\">Bundesrat<\/a>. Vom Besucherdienst erfuhren wir vieles \u00fcber Geschichte und Architektur. Auf der Besuchertrib\u00fcne sitzend wurden uns nochmals Einblicke in das politische Berlin gew\u00e4hrt. Viele Denkans\u00e4tze aus dem morgendlichen Gespr\u00e4ch mit Frau Dr. Jahns-B\u00f6hm waren hier mit H\u00e4nden zu greifen.<\/p>\n<p>Nach so vielem geistigen Input kam das Lunchpaket gerade recht. Unser Bus brachte uns wieder zum Berliner Hauptbahnhof. Von hier trat jeder seine individuelle Heimreise an.<\/p>\n<p>Alle Kontakte an diesem ereignisreichen Tag machten immer wieder deutlich, dass die Patientenbeteiligung sowohl auf Bundes- wie auf Landesebene weitgehend unbekannt ist. Die Wahrnehmung der Patientenbeteiligung Brandenburgs bei den politischen Organen konnte durch unser Auftreten vergr\u00f6\u00dfert werden. Alle Beteiligten m\u00fcssen weiter aktiv bleiben.<\/p>\n","protected":false},"excerpt":{"rendered":"<p>Berlin 13.09.2019. Als Zeichen der besonderen Wertsch\u00e4tzung f\u00fcr die meist ehrenamtlich t\u00e4tigen Patientenvertreter*innen in Brandenburg organisierten das MASGF und die Landesvertretung diese Reise. Gleichzeitig wurden so auch die durch die Koordinierungsstelle erbrachten Leistungen gew\u00fcrdigt.<\/p>\n","protected":false},"author":1,"featured_media":123,"comment_status":"open","ping_status":"open","sticky":false,"template":"","format":"standard","meta":{"_acf_changed":false,"footnotes":""},"categories":[18],"tags":[],"class_list":["post-122","post","type-post","status-publish","format-standard","has-post-thumbnail","hentry","category-archiv"],"acf":[],"yoast_head":"<!-- This site is optimized with the Yoast SEO plugin v24.9 - https:\/\/yoast.com\/wordpress\/plugins\/seo\/ -->\n<title>Informationsreise auf Einladung des Bevollm\u00e4chtigten des Landes Brandenburg beim Bund - Brandenburg<\/title>\n<meta name=\"robots\" content=\"index, follow, max-snippet:-1, max-image-preview:large, max-video-preview:-1\" \/>\n<link rel=\"canonical\" href=\"https:\/\/www.patientenbeteiligung.de\/brandenburg\/2019\/09\/30\/informationsreise-auf-einladung-des-bevollmaechtigten-des-landes-brandenburg-beim-bund\/\" \/>\n<meta property=\"og:locale\" content=\"de_DE\" \/>\n<meta property=\"og:type\" content=\"article\" \/>\n<meta property=\"og:title\" content=\"Informationsreise auf Einladung des Bevollm\u00e4chtigten des Landes Brandenburg beim Bund - Brandenburg\" \/>\n<meta property=\"og:description\" content=\"Berlin 13.09.2019. Als Zeichen der besonderen Wertsch\u00e4tzung f\u00fcr die meist ehrenamtlich t\u00e4tigen Patientenvertreter*innen in Brandenburg organisierten das MASGF und die Landesvertretung diese Reise. Gleichzeitig wurden so auch die durch die Koordinierungsstelle erbrachten Leistungen gew\u00fcrdigt.\" \/>\n<meta property=\"og:url\" content=\"https:\/\/www.patientenbeteiligung.de\/brandenburg\/2019\/09\/30\/informationsreise-auf-einladung-des-bevollmaechtigten-des-landes-brandenburg-beim-bund\/\" \/>\n<meta property=\"og:site_name\" content=\"Brandenburg\" \/>\n<meta property=\"article:published_time\" content=\"2019-09-30T08:59:19+00:00\" \/>\n<meta property=\"article:modified_time\" content=\"2021-12-02T14:49:38+00:00\" \/>\n<meta property=\"og:image\" content=\"https:\/\/www.patientenbeteiligung.de\/brandenburg\/wp-content\/uploads\/sites\/6\/2019\/09\/Besuch-_Landesvertretung_2_Seibert.jpg\" \/>\n\t<meta property=\"og:image:width\" content=\"1600\" \/>\n\t<meta property=\"og:image:height\" content=\"900\" \/>\n\t<meta property=\"og:image:type\" content=\"image\/jpeg\" \/>\n<meta name=\"twitter:card\" content=\"summary_large_image\" \/>\n<meta name=\"twitter:label1\" content=\"Verfasst von\" \/>\n\t<meta name=\"twitter:data1\" content=\"\" \/>\n\t<meta name=\"twitter:label2\" content=\"Gesch\u00e4tzte Lesezeit\" \/>\n\t<meta name=\"twitter:data2\" content=\"3\u00a0Minuten\" \/>\n<script type=\"application\/ld+json\" class=\"yoast-schema-graph\">{\"@context\":\"https:\/\/schema.org\",\"@graph\":[{\"@type\":\"WebPage\",\"@id\":\"https:\/\/www.patientenbeteiligung.de\/brandenburg\/2019\/09\/30\/informationsreise-auf-einladung-des-bevollmaechtigten-des-landes-brandenburg-beim-bund\/\",\"url\":\"https:\/\/www.patientenbeteiligung.de\/brandenburg\/2019\/09\/30\/informationsreise-auf-einladung-des-bevollmaechtigten-des-landes-brandenburg-beim-bund\/\",\"name\":\"Informationsreise auf Einladung des Bevollm\u00e4chtigten des Landes Brandenburg beim Bund - Brandenburg\",\"isPartOf\":{\"@id\":\"https:\/\/www.patientenbeteiligung.de\/brandenburg\/#website\"},\"primaryImageOfPage\":{\"@id\":\"https:\/\/www.patientenbeteiligung.de\/brandenburg\/2019\/09\/30\/informationsreise-auf-einladung-des-bevollmaechtigten-des-landes-brandenburg-beim-bund\/#primaryimage\"},\"image\":{\"@id\":\"https:\/\/www.patientenbeteiligung.de\/brandenburg\/2019\/09\/30\/informationsreise-auf-einladung-des-bevollmaechtigten-des-landes-brandenburg-beim-bund\/#primaryimage\"},\"thumbnailUrl\":\"https:\/\/www.patientenbeteiligung.de\/brandenburg\/wp-content\/uploads\/sites\/6\/2019\/09\/Besuch-_Landesvertretung_2_Seibert.jpg\",\"datePublished\":\"2019-09-30T08:59:19+00:00\",\"dateModified\":\"2021-12-02T14:49:38+00:00\",\"author\":{\"@id\":\"\"},\"breadcrumb\":{\"@id\":\"https:\/\/www.patientenbeteiligung.de\/brandenburg\/2019\/09\/30\/informationsreise-auf-einladung-des-bevollmaechtigten-des-landes-brandenburg-beim-bund\/#breadcrumb\"},\"inLanguage\":\"de\",\"potentialAction\":[{\"@type\":\"ReadAction\",\"target\":[\"https:\/\/www.patientenbeteiligung.de\/brandenburg\/2019\/09\/30\/informationsreise-auf-einladung-des-bevollmaechtigten-des-landes-brandenburg-beim-bund\/\"]}]},{\"@type\":\"ImageObject\",\"inLanguage\":\"de\",\"@id\":\"https:\/\/www.patientenbeteiligung.de\/brandenburg\/2019\/09\/30\/informationsreise-auf-einladung-des-bevollmaechtigten-des-landes-brandenburg-beim-bund\/#primaryimage\",\"url\":\"https:\/\/www.patientenbeteiligung.de\/brandenburg\/wp-content\/uploads\/sites\/6\/2019\/09\/Besuch-_Landesvertretung_2_Seibert.jpg\",\"contentUrl\":\"https:\/\/www.patientenbeteiligung.de\/brandenburg\/wp-content\/uploads\/sites\/6\/2019\/09\/Besuch-_Landesvertretung_2_Seibert.jpg\",\"width\":1600,\"height\":900,\"caption\":\"\u00a9 Patientenbeteiligung_Brandenburg\/Seibert\"},{\"@type\":\"BreadcrumbList\",\"@id\":\"https:\/\/www.patientenbeteiligung.de\/brandenburg\/2019\/09\/30\/informationsreise-auf-einladung-des-bevollmaechtigten-des-landes-brandenburg-beim-bund\/#breadcrumb\",\"itemListElement\":[{\"@type\":\"ListItem\",\"position\":1,\"name\":\"Startseite\",\"item\":\"https:\/\/www.patientenbeteiligung.de\/brandenburg\/\"},{\"@type\":\"ListItem\",\"position\":2,\"name\":\"Informationsreise auf Einladung des Bevollm\u00e4chtigten des Landes Brandenburg beim Bund\"}]},{\"@type\":\"WebSite\",\"@id\":\"https:\/\/www.patientenbeteiligung.de\/brandenburg\/#website\",\"url\":\"https:\/\/www.patientenbeteiligung.de\/brandenburg\/\",\"name\":\"Brandenburg\",\"description\":\"Patentenbeteiligung in Brandenburg\",\"potentialAction\":[{\"@type\":\"SearchAction\",\"target\":{\"@type\":\"EntryPoint\",\"urlTemplate\":\"https:\/\/www.patientenbeteiligung.de\/brandenburg\/?s={search_term_string}\"},\"query-input\":{\"@type\":\"PropertyValueSpecification\",\"valueRequired\":true,\"valueName\":\"search_term_string\"}}],\"inLanguage\":\"de\"},{\"@type\":\"Person\",\"@id\":\"\"}]}<\/script>\n<!-- \/ Yoast SEO plugin. -->","yoast_head_json":{"title":"Informationsreise auf Einladung des Bevollm\u00e4chtigten des Landes Brandenburg beim Bund - Brandenburg","robots":{"index":"index","follow":"follow","max-snippet":"max-snippet:-1","max-image-preview":"max-image-preview:large","max-video-preview":"max-video-preview:-1"},"canonical":"https:\/\/www.patientenbeteiligung.de\/brandenburg\/2019\/09\/30\/informationsreise-auf-einladung-des-bevollmaechtigten-des-landes-brandenburg-beim-bund\/","og_locale":"de_DE","og_type":"article","og_title":"Informationsreise auf Einladung des Bevollm\u00e4chtigten des Landes Brandenburg beim Bund - Brandenburg","og_description":"Berlin 13.09.2019. Als Zeichen der besonderen Wertsch\u00e4tzung f\u00fcr die meist ehrenamtlich t\u00e4tigen Patientenvertreter*innen in Brandenburg organisierten das MASGF und die Landesvertretung diese Reise. Gleichzeitig wurden so auch die durch die Koordinierungsstelle erbrachten Leistungen gew\u00fcrdigt.","og_url":"https:\/\/www.patientenbeteiligung.de\/brandenburg\/2019\/09\/30\/informationsreise-auf-einladung-des-bevollmaechtigten-des-landes-brandenburg-beim-bund\/","og_site_name":"Brandenburg","article_published_time":"2019-09-30T08:59:19+00:00","article_modified_time":"2021-12-02T14:49:38+00:00","og_image":[{"width":1600,"height":900,"url":"https:\/\/www.patientenbeteiligung.de\/brandenburg\/wp-content\/uploads\/sites\/6\/2019\/09\/Besuch-_Landesvertretung_2_Seibert.jpg","type":"image\/jpeg"}],"twitter_card":"summary_large_image","twitter_misc":{"Verfasst von":"","Gesch\u00e4tzte Lesezeit":"3\u00a0Minuten"},"schema":{"@context":"https:\/\/schema.org","@graph":[{"@type":"WebPage","@id":"https:\/\/www.patientenbeteiligung.de\/brandenburg\/2019\/09\/30\/informationsreise-auf-einladung-des-bevollmaechtigten-des-landes-brandenburg-beim-bund\/","url":"https:\/\/www.patientenbeteiligung.de\/brandenburg\/2019\/09\/30\/informationsreise-auf-einladung-des-bevollmaechtigten-des-landes-brandenburg-beim-bund\/","name":"Informationsreise auf Einladung des Bevollm\u00e4chtigten des Landes Brandenburg beim Bund - Brandenburg","isPartOf":{"@id":"https:\/\/www.patientenbeteiligung.de\/brandenburg\/#website"},"primaryImageOfPage":{"@id":"https:\/\/www.patientenbeteiligung.de\/brandenburg\/2019\/09\/30\/informationsreise-auf-einladung-des-bevollmaechtigten-des-landes-brandenburg-beim-bund\/#primaryimage"},"image":{"@id":"https:\/\/www.patientenbeteiligung.de\/brandenburg\/2019\/09\/30\/informationsreise-auf-einladung-des-bevollmaechtigten-des-landes-brandenburg-beim-bund\/#primaryimage"},"thumbnailUrl":"https:\/\/www.patientenbeteiligung.de\/brandenburg\/wp-content\/uploads\/sites\/6\/2019\/09\/Besuch-_Landesvertretung_2_Seibert.jpg","datePublished":"2019-09-30T08:59:19+00:00","dateModified":"2021-12-02T14:49:38+00:00","author":{"@id":""},"breadcrumb":{"@id":"https:\/\/www.patientenbeteiligung.de\/brandenburg\/2019\/09\/30\/informationsreise-auf-einladung-des-bevollmaechtigten-des-landes-brandenburg-beim-bund\/#breadcrumb"},"inLanguage":"de","potentialAction":[{"@type":"ReadAction","target":["https:\/\/www.patientenbeteiligung.de\/brandenburg\/2019\/09\/30\/informationsreise-auf-einladung-des-bevollmaechtigten-des-landes-brandenburg-beim-bund\/"]}]},{"@type":"ImageObject","inLanguage":"de","@id":"https:\/\/www.patientenbeteiligung.de\/brandenburg\/2019\/09\/30\/informationsreise-auf-einladung-des-bevollmaechtigten-des-landes-brandenburg-beim-bund\/#primaryimage","url":"https:\/\/www.patientenbeteiligung.de\/brandenburg\/wp-content\/uploads\/sites\/6\/2019\/09\/Besuch-_Landesvertretung_2_Seibert.jpg","contentUrl":"https:\/\/www.patientenbeteiligung.de\/brandenburg\/wp-content\/uploads\/sites\/6\/2019\/09\/Besuch-_Landesvertretung_2_Seibert.jpg","width":1600,"height":900,"caption":"\u00a9 Patientenbeteiligung_Brandenburg\/Seibert"},{"@type":"BreadcrumbList","@id":"https:\/\/www.patientenbeteiligung.de\/brandenburg\/2019\/09\/30\/informationsreise-auf-einladung-des-bevollmaechtigten-des-landes-brandenburg-beim-bund\/#breadcrumb","itemListElement":[{"@type":"ListItem","position":1,"name":"Startseite","item":"https:\/\/www.patientenbeteiligung.de\/brandenburg\/"},{"@type":"ListItem","position":2,"name":"Informationsreise auf Einladung des Bevollm\u00e4chtigten des Landes Brandenburg beim Bund"}]},{"@type":"WebSite","@id":"https:\/\/www.patientenbeteiligung.de\/brandenburg\/#website","url":"https:\/\/www.patientenbeteiligung.de\/brandenburg\/","name":"Brandenburg","description":"Patentenbeteiligung in Brandenburg","potentialAction":[{"@type":"SearchAction","target":{"@type":"EntryPoint","urlTemplate":"https:\/\/www.patientenbeteiligung.de\/brandenburg\/?s={search_term_string}"},"query-input":{"@type":"PropertyValueSpecification","valueRequired":true,"valueName":"search_term_string"}}],"inLanguage":"de"},{"@type":"Person","@id":""}]}},"_links":{"self":[{"href":"https:\/\/www.patientenbeteiligung.de\/brandenburg\/wp-json\/wp\/v2\/posts\/122","targetHints":{"allow":["GET"]}}],"collection":[{"href":"https:\/\/www.patientenbeteiligung.de\/brandenburg\/wp-json\/wp\/v2\/posts"}],"about":[{"href":"https:\/\/www.patientenbeteiligung.de\/brandenburg\/wp-json\/wp\/v2\/types\/post"}],"author":[{"embeddable":true,"href":"https:\/\/www.patientenbeteiligung.de\/brandenburg\/wp-json\/wp\/v2\/users\/1"}],"replies":[{"embeddable":true,"href":"https:\/\/www.patientenbeteiligung.de\/brandenburg\/wp-json\/wp\/v2\/comments?post=122"}],"version-history":[{"count":4,"href":"https:\/\/www.patientenbeteiligung.de\/brandenburg\/wp-json\/wp\/v2\/posts\/122\/revisions"}],"predecessor-version":[{"id":292,"href":"https:\/\/www.patientenbeteiligung.de\/brandenburg\/wp-json\/wp\/v2\/posts\/122\/revisions\/292"}],"wp:featuredmedia":[{"embeddable":true,"href":"https:\/\/www.patientenbeteiligung.de\/brandenburg\/wp-json\/wp\/v2\/media\/123"}],"wp:attachment":[{"href":"https:\/\/www.patientenbeteiligung.de\/brandenburg\/wp-json\/wp\/v2\/media?parent=122"}],"wp:term":[{"taxonomy":"category","embeddable":true,"href":"https:\/\/www.patientenbeteiligung.de\/brandenburg\/wp-json\/wp\/v2\/categories?post=122"},{"taxonomy":"post_tag","embeddable":true,"href":"https:\/\/www.patientenbeteiligung.de\/brandenburg\/wp-json\/wp\/v2\/tags?post=122"}],"curies":[{"name":"wp","href":"https:\/\/api.w.org\/{rel}","templated":true}]}}