{"id":108,"date":"2019-09-17T13:08:31","date_gmt":"2019-09-17T11:08:31","guid":{"rendered":"https:\/\/www.patientenbeteiligung.de\/brandenburg\/?p=108"},"modified":"2021-12-02T15:48:58","modified_gmt":"2021-12-02T14:48:58","slug":"erfolgreiche-jahresversammlung-der-patientenvertreterinnen-in-brandenburg","status":"publish","type":"post","link":"https:\/\/www.patientenbeteiligung.de\/brandenburg\/2019\/09\/17\/erfolgreiche-jahresversammlung-der-patientenvertreterinnen-in-brandenburg\/","title":{"rendered":"Erfolgreiche Jahresversammlung der Patientenvertreter*innen in Brandenburg"},"content":{"rendered":"<p><strong><a href=\"https:\/\/www.patientenbeteiligung.de\/brandenburg\/wp-content\/uploads\/sites\/6\/2019\/09\/P1090292.jpg\"><img fetchpriority=\"high\" decoding=\"async\" class=\"size-medium wp-image-110 alignleft\" src=\"https:\/\/www.patientenbeteiligung.de\/brandenburg\/wp-content\/uploads\/sites\/6\/2019\/09\/P1090292-300x225.jpg\" alt=\"\" width=\"300\" height=\"225\" srcset=\"https:\/\/www.patientenbeteiligung.de\/brandenburg\/wp-content\/uploads\/sites\/6\/2019\/09\/P1090292-300x225.jpg 300w, https:\/\/www.patientenbeteiligung.de\/brandenburg\/wp-content\/uploads\/sites\/6\/2019\/09\/P1090292-1024x768.jpg 1024w\" sizes=\"(max-width: 300px) 100vw, 300px\" \/><\/a>Am 23.08.2019 trafen sich die Patientenvertreter*innen Brandenburgs zu ihrem ersten Jahrestreffen im Sitzungssaal des Ministeriums f\u00fcr Arbeit, Soziales, Gesundheit, Frauen und Familie (MASGF). Neben den 14 Patientenvertreter*innen waren acht an der Patientenvertretung Interessierte und weitere G\u00e4ste aus dem Ministerium, dem Land Berlin und der Bundesebene anwesend.<\/strong><\/p>\n<p>Eingeladen hatte die im M\u00e4rz 2019 neu geschaffene Koordinierungsstelle der Patientenbeteiligung in Brandenburg. Diese Stelle wird aus Landesmitteln finanziert und dient der Unterst\u00fctzung, dem Erfahrungsaustausch und der Vernetzung der Patientenvertretung. Diese Schwerpunkte waren auch Inhalt des Jahrestreffens.<!--more--><\/p>\n<p>Einleitend sprach <strong>Herr Zaske (MASGF)<\/strong> ein Gru\u00dfwort, in dem er die ehrenamtliche Arbeit der Patientenbeteiligung w\u00fcrdigte. Weiter ging er darauf ein, wie sich unter der Mitwirkung der Betroffenen langsam die Wertstellung der Patienten zum vollwertigen und wichtigen Partner im Gesundheitswesen \u00e4ndert. Um diesen Prozess zu begleiten und zu unterst\u00fctzen hat die Landesregierung im Doppelhaushalt 2019\/2020 Mittel f\u00fcr die Koordinierungsstelle der Patientenbeteiligung bereitgestellt.<\/p>\n<p>Anschlie\u00dfend ergriff <strong>Frau Dr. Doka im Namen der BAG Selbsthilfe<\/strong> das Wort und \u00e4u\u00dferte Ihre gro\u00dfe Freude \u00fcber die positive Entwicklung der Patientenbeteiligung in Brandenburg. Frau Dr. Doka bat die Anwesenden darum, medizinische Versorgungsprobleme vor Ort an die Bundesverb\u00e4nde oder die Koordinierungsstelle zu melden. So k\u00f6nnen diese auf Bundesebene angesprochen werden.<\/p>\n<p><a href=\"https:\/\/www.patientenbeteiligung.de\/brandenburg\/wp-content\/uploads\/sites\/6\/2019\/09\/P1090363.jpg\"><img decoding=\"async\" class=\"size-medium wp-image-111 alignleft\" src=\"https:\/\/www.patientenbeteiligung.de\/brandenburg\/wp-content\/uploads\/sites\/6\/2019\/09\/P1090363-300x225.jpg\" alt=\"\" width=\"300\" height=\"225\" srcset=\"https:\/\/www.patientenbeteiligung.de\/brandenburg\/wp-content\/uploads\/sites\/6\/2019\/09\/P1090363-300x225.jpg 300w, https:\/\/www.patientenbeteiligung.de\/brandenburg\/wp-content\/uploads\/sites\/6\/2019\/09\/P1090363-1024x768.jpg 1024w\" sizes=\"(max-width: 300px) 100vw, 300px\" \/><\/a>Im Namen der Landesarbeitsgemeinschaft Selbsthilfe Brandenburg e.V. als Tr\u00e4ger der Koordinierungsstelle begr\u00fc\u00dfte <strong>Herr Wenzel (LV f\u00fcr K\u00f6rper- und mehrfachbehinderte Menschen Berlin-Brandenburg e.V.)<\/strong> die Anwesenden.<\/p>\n<p>Danach stelle sich <strong>Herr Seehagen, der neue Koordinator f\u00fcr Patientenbeteiligung in Brandenburg<\/strong>, den Patientenvertreter*innen vor. Dann bat er die Anwesenden sich ebenfalls vorzustellen. Es war bemerkenswert zu h\u00f6ren, auf welch hohem Niveau und mit wieviel pers\u00f6nlichem Einsatz die ehrenamtlich arbeitenden Patientenvertreter*innen t\u00e4tig sind.<\/p>\n<p><strong>Frau Helms (NAKOS)<\/strong> brachte sich mit dem Vortrag \u201ePatientenbeteiligung gem\u00e4\u00df \u00a7 140f SGB V &#8211; Koordination, Kooperation, Vernetzung\u201c ein und beantwortete die Fragen der Anwesenden. Hier wurden teilweise unterschiedliche Ans\u00e4tze auf Bundes- und Landesebene sichtbar, die zu einem interessanten Austausch f\u00fchrten.<\/p>\n<blockquote><p>In der Pause wurde reichlich vernetzt, diskutiert, aufgefrischt, kennengelernt.<\/p><\/blockquote>\n<div id=\"attachment_109\" style=\"width: 310px\" class=\"wp-caption alignleft\"><a href=\"https:\/\/www.patientenbeteiligung.de\/brandenburg\/wp-content\/uploads\/sites\/6\/2019\/09\/P1090366.jpg\"><img decoding=\"async\" aria-describedby=\"caption-attachment-109\" class=\"wp-image-109 size-medium\" src=\"https:\/\/www.patientenbeteiligung.de\/brandenburg\/wp-content\/uploads\/sites\/6\/2019\/09\/P1090366-300x225.jpg\" alt=\"\" width=\"300\" height=\"225\" srcset=\"https:\/\/www.patientenbeteiligung.de\/brandenburg\/wp-content\/uploads\/sites\/6\/2019\/09\/P1090366-300x225.jpg 300w, https:\/\/www.patientenbeteiligung.de\/brandenburg\/wp-content\/uploads\/sites\/6\/2019\/09\/P1090366-1024x768.jpg 1024w\" sizes=\"(max-width: 300px) 100vw, 300px\" \/><\/a><p id=\"caption-attachment-109\" class=\"wp-caption-text\">\u00a9 Koordinierungsstelle Patientenbeteiligung Brandenburg<\/p><\/div>\n<p>Danach gab es eine kurze Einf\u00fchrung in die Arbeit der Koordinierungsstelle und den Bericht \u00fcber die ersten Ergebnisse im Aufbau eines Koordinierungsausschusses. Ein Wortbeitrag von <strong>Frau Baumgardt (MASGF)<\/strong> erkl\u00e4rte, dass sich der Gesetzgeber Brandenburgs dazu entschlossen hatte, erst die Koordinierungsstelle zu schaffen und danach den Koordinierungsausschuss. Andere Bundesl\u00e4nder waren hier anders verfahren was zu Irritationen gef\u00fchrt hatte.<\/p>\n<p>Den Abschluss der Veranstaltung bildeten zwei Gespr\u00e4chsrunden, die zum einen Selbstbild und Au\u00dfenwahrnehmung der Patientenbeteiligung und zum anderen die Gewinnung neuer Patientenvertreter*innen zum Inhalt hatten. Auch hier kam es zu regen Diskussionen zwischen den auf Bundesebene und den auf Landesebene Aktiven, in denen u.a. <strong>Frau St\u00f6tzner (Patientenbeauftragte Land Berlin)<\/strong> und <strong>Frau Arens (DCCV e.V. LV Berlin\/Brandenburg)<\/strong> Ihre Erfahrungen einbringen konnten.<\/p>\n<p>Ein gro\u00dfes Dankesch\u00f6n geht an die Mitarbeiter*innen des MASGF, die die Veranstaltung sehr professionell vorbereitet und mit viel Leidenschaft begleitet haben.<\/p>\n","protected":false},"excerpt":{"rendered":"<p>Am 23.08.2019 trafen sich die Patientenvertreter*innen Brandenburgs zu ihrem ersten Jahrestreffen im Sitzungssaal des Ministeriums f\u00fcr Arbeit, Soziales, Gesundheit, Frauen und Familie (MASGF). Neben den 14 Patientenvertreter*innen waren acht an der Patientenvertretung Interessierte und weitere G\u00e4ste aus dem Ministerium, dem Land Berlin und der Bundesebene anwesend. Eingeladen hatte die im [&hellip;]<\/p>\n","protected":false},"author":1,"featured_media":0,"comment_status":"open","ping_status":"open","sticky":false,"template":"","format":"standard","meta":{"_acf_changed":false,"footnotes":""},"categories":[18],"tags":[],"class_list":["post-108","post","type-post","status-publish","format-standard","hentry","category-archiv"],"acf":[],"yoast_head":"<!-- This site is optimized with the Yoast SEO plugin v24.9 - https:\/\/yoast.com\/wordpress\/plugins\/seo\/ -->\n<title>Erfolgreiche Jahresversammlung der Patientenvertreter*innen in Brandenburg - Brandenburg<\/title>\n<meta name=\"robots\" content=\"index, follow, max-snippet:-1, max-image-preview:large, max-video-preview:-1\" \/>\n<link rel=\"canonical\" href=\"https:\/\/www.patientenbeteiligung.de\/brandenburg\/2019\/09\/17\/erfolgreiche-jahresversammlung-der-patientenvertreterinnen-in-brandenburg\/\" \/>\n<meta property=\"og:locale\" content=\"de_DE\" \/>\n<meta property=\"og:type\" content=\"article\" \/>\n<meta property=\"og:title\" content=\"Erfolgreiche Jahresversammlung der Patientenvertreter*innen in Brandenburg - Brandenburg\" \/>\n<meta property=\"og:description\" content=\"Am 23.08.2019 trafen sich die Patientenvertreter*innen Brandenburgs zu ihrem ersten Jahrestreffen im Sitzungssaal des Ministeriums f\u00fcr Arbeit, Soziales, Gesundheit, Frauen und Familie (MASGF). Neben den 14 Patientenvertreter*innen waren acht an der Patientenvertretung Interessierte und weitere G\u00e4ste aus dem Ministerium, dem Land Berlin und der Bundesebene anwesend. Eingeladen hatte die im [&hellip;]\" \/>\n<meta property=\"og:url\" content=\"https:\/\/www.patientenbeteiligung.de\/brandenburg\/2019\/09\/17\/erfolgreiche-jahresversammlung-der-patientenvertreterinnen-in-brandenburg\/\" \/>\n<meta property=\"og:site_name\" content=\"Brandenburg\" \/>\n<meta property=\"article:published_time\" content=\"2019-09-17T11:08:31+00:00\" \/>\n<meta property=\"article:modified_time\" content=\"2021-12-02T14:48:58+00:00\" \/>\n<meta property=\"og:image\" content=\"https:\/\/www.patientenbeteiligung.de\/brandenburg\/wp-content\/uploads\/sites\/6\/2019\/09\/P1090292-300x225.jpg\" \/>\n<meta name=\"twitter:card\" content=\"summary_large_image\" \/>\n<meta name=\"twitter:label1\" content=\"Verfasst von\" \/>\n\t<meta name=\"twitter:data1\" content=\"\" \/>\n\t<meta name=\"twitter:label2\" content=\"Gesch\u00e4tzte Lesezeit\" \/>\n\t<meta name=\"twitter:data2\" content=\"3\u00a0Minuten\" \/>\n<script type=\"application\/ld+json\" class=\"yoast-schema-graph\">{\"@context\":\"https:\/\/schema.org\",\"@graph\":[{\"@type\":\"WebPage\",\"@id\":\"https:\/\/www.patientenbeteiligung.de\/brandenburg\/2019\/09\/17\/erfolgreiche-jahresversammlung-der-patientenvertreterinnen-in-brandenburg\/\",\"url\":\"https:\/\/www.patientenbeteiligung.de\/brandenburg\/2019\/09\/17\/erfolgreiche-jahresversammlung-der-patientenvertreterinnen-in-brandenburg\/\",\"name\":\"Erfolgreiche Jahresversammlung der Patientenvertreter*innen in Brandenburg - Brandenburg\",\"isPartOf\":{\"@id\":\"https:\/\/www.patientenbeteiligung.de\/brandenburg\/#website\"},\"primaryImageOfPage\":{\"@id\":\"https:\/\/www.patientenbeteiligung.de\/brandenburg\/2019\/09\/17\/erfolgreiche-jahresversammlung-der-patientenvertreterinnen-in-brandenburg\/#primaryimage\"},\"image\":{\"@id\":\"https:\/\/www.patientenbeteiligung.de\/brandenburg\/2019\/09\/17\/erfolgreiche-jahresversammlung-der-patientenvertreterinnen-in-brandenburg\/#primaryimage\"},\"thumbnailUrl\":\"https:\/\/www.patientenbeteiligung.de\/brandenburg\/wp-content\/uploads\/sites\/6\/2019\/09\/P1090292-300x225.jpg\",\"datePublished\":\"2019-09-17T11:08:31+00:00\",\"dateModified\":\"2021-12-02T14:48:58+00:00\",\"author\":{\"@id\":\"\"},\"breadcrumb\":{\"@id\":\"https:\/\/www.patientenbeteiligung.de\/brandenburg\/2019\/09\/17\/erfolgreiche-jahresversammlung-der-patientenvertreterinnen-in-brandenburg\/#breadcrumb\"},\"inLanguage\":\"de\",\"potentialAction\":[{\"@type\":\"ReadAction\",\"target\":[\"https:\/\/www.patientenbeteiligung.de\/brandenburg\/2019\/09\/17\/erfolgreiche-jahresversammlung-der-patientenvertreterinnen-in-brandenburg\/\"]}]},{\"@type\":\"ImageObject\",\"inLanguage\":\"de\",\"@id\":\"https:\/\/www.patientenbeteiligung.de\/brandenburg\/2019\/09\/17\/erfolgreiche-jahresversammlung-der-patientenvertreterinnen-in-brandenburg\/#primaryimage\",\"url\":\"https:\/\/www.patientenbeteiligung.de\/brandenburg\/wp-content\/uploads\/sites\/6\/2019\/09\/P1090292.jpg\",\"contentUrl\":\"https:\/\/www.patientenbeteiligung.de\/brandenburg\/wp-content\/uploads\/sites\/6\/2019\/09\/P1090292.jpg\",\"width\":2560,\"height\":1920},{\"@type\":\"BreadcrumbList\",\"@id\":\"https:\/\/www.patientenbeteiligung.de\/brandenburg\/2019\/09\/17\/erfolgreiche-jahresversammlung-der-patientenvertreterinnen-in-brandenburg\/#breadcrumb\",\"itemListElement\":[{\"@type\":\"ListItem\",\"position\":1,\"name\":\"Startseite\",\"item\":\"https:\/\/www.patientenbeteiligung.de\/brandenburg\/\"},{\"@type\":\"ListItem\",\"position\":2,\"name\":\"Erfolgreiche Jahresversammlung der Patientenvertreter*innen in Brandenburg\"}]},{\"@type\":\"WebSite\",\"@id\":\"https:\/\/www.patientenbeteiligung.de\/brandenburg\/#website\",\"url\":\"https:\/\/www.patientenbeteiligung.de\/brandenburg\/\",\"name\":\"Brandenburg\",\"description\":\"Patentenbeteiligung in Brandenburg\",\"potentialAction\":[{\"@type\":\"SearchAction\",\"target\":{\"@type\":\"EntryPoint\",\"urlTemplate\":\"https:\/\/www.patientenbeteiligung.de\/brandenburg\/?s={search_term_string}\"},\"query-input\":{\"@type\":\"PropertyValueSpecification\",\"valueRequired\":true,\"valueName\":\"search_term_string\"}}],\"inLanguage\":\"de\"},{\"@type\":\"Person\",\"@id\":\"\"}]}<\/script>\n<!-- \/ Yoast SEO plugin. -->","yoast_head_json":{"title":"Erfolgreiche Jahresversammlung der Patientenvertreter*innen in Brandenburg - Brandenburg","robots":{"index":"index","follow":"follow","max-snippet":"max-snippet:-1","max-image-preview":"max-image-preview:large","max-video-preview":"max-video-preview:-1"},"canonical":"https:\/\/www.patientenbeteiligung.de\/brandenburg\/2019\/09\/17\/erfolgreiche-jahresversammlung-der-patientenvertreterinnen-in-brandenburg\/","og_locale":"de_DE","og_type":"article","og_title":"Erfolgreiche Jahresversammlung der Patientenvertreter*innen in Brandenburg - Brandenburg","og_description":"Am 23.08.2019 trafen sich die Patientenvertreter*innen Brandenburgs zu ihrem ersten Jahrestreffen im Sitzungssaal des Ministeriums f\u00fcr Arbeit, Soziales, Gesundheit, Frauen und Familie (MASGF). Neben den 14 Patientenvertreter*innen waren acht an der Patientenvertretung Interessierte und weitere G\u00e4ste aus dem Ministerium, dem Land Berlin und der Bundesebene anwesend. Eingeladen hatte die im [&hellip;]","og_url":"https:\/\/www.patientenbeteiligung.de\/brandenburg\/2019\/09\/17\/erfolgreiche-jahresversammlung-der-patientenvertreterinnen-in-brandenburg\/","og_site_name":"Brandenburg","article_published_time":"2019-09-17T11:08:31+00:00","article_modified_time":"2021-12-02T14:48:58+00:00","og_image":[{"url":"https:\/\/www.patientenbeteiligung.de\/brandenburg\/wp-content\/uploads\/sites\/6\/2019\/09\/P1090292-300x225.jpg","type":"","width":"","height":""}],"twitter_card":"summary_large_image","twitter_misc":{"Verfasst von":"","Gesch\u00e4tzte Lesezeit":"3\u00a0Minuten"},"schema":{"@context":"https:\/\/schema.org","@graph":[{"@type":"WebPage","@id":"https:\/\/www.patientenbeteiligung.de\/brandenburg\/2019\/09\/17\/erfolgreiche-jahresversammlung-der-patientenvertreterinnen-in-brandenburg\/","url":"https:\/\/www.patientenbeteiligung.de\/brandenburg\/2019\/09\/17\/erfolgreiche-jahresversammlung-der-patientenvertreterinnen-in-brandenburg\/","name":"Erfolgreiche Jahresversammlung der Patientenvertreter*innen in Brandenburg - Brandenburg","isPartOf":{"@id":"https:\/\/www.patientenbeteiligung.de\/brandenburg\/#website"},"primaryImageOfPage":{"@id":"https:\/\/www.patientenbeteiligung.de\/brandenburg\/2019\/09\/17\/erfolgreiche-jahresversammlung-der-patientenvertreterinnen-in-brandenburg\/#primaryimage"},"image":{"@id":"https:\/\/www.patientenbeteiligung.de\/brandenburg\/2019\/09\/17\/erfolgreiche-jahresversammlung-der-patientenvertreterinnen-in-brandenburg\/#primaryimage"},"thumbnailUrl":"https:\/\/www.patientenbeteiligung.de\/brandenburg\/wp-content\/uploads\/sites\/6\/2019\/09\/P1090292-300x225.jpg","datePublished":"2019-09-17T11:08:31+00:00","dateModified":"2021-12-02T14:48:58+00:00","author":{"@id":""},"breadcrumb":{"@id":"https:\/\/www.patientenbeteiligung.de\/brandenburg\/2019\/09\/17\/erfolgreiche-jahresversammlung-der-patientenvertreterinnen-in-brandenburg\/#breadcrumb"},"inLanguage":"de","potentialAction":[{"@type":"ReadAction","target":["https:\/\/www.patientenbeteiligung.de\/brandenburg\/2019\/09\/17\/erfolgreiche-jahresversammlung-der-patientenvertreterinnen-in-brandenburg\/"]}]},{"@type":"ImageObject","inLanguage":"de","@id":"https:\/\/www.patientenbeteiligung.de\/brandenburg\/2019\/09\/17\/erfolgreiche-jahresversammlung-der-patientenvertreterinnen-in-brandenburg\/#primaryimage","url":"https:\/\/www.patientenbeteiligung.de\/brandenburg\/wp-content\/uploads\/sites\/6\/2019\/09\/P1090292.jpg","contentUrl":"https:\/\/www.patientenbeteiligung.de\/brandenburg\/wp-content\/uploads\/sites\/6\/2019\/09\/P1090292.jpg","width":2560,"height":1920},{"@type":"BreadcrumbList","@id":"https:\/\/www.patientenbeteiligung.de\/brandenburg\/2019\/09\/17\/erfolgreiche-jahresversammlung-der-patientenvertreterinnen-in-brandenburg\/#breadcrumb","itemListElement":[{"@type":"ListItem","position":1,"name":"Startseite","item":"https:\/\/www.patientenbeteiligung.de\/brandenburg\/"},{"@type":"ListItem","position":2,"name":"Erfolgreiche Jahresversammlung der Patientenvertreter*innen in Brandenburg"}]},{"@type":"WebSite","@id":"https:\/\/www.patientenbeteiligung.de\/brandenburg\/#website","url":"https:\/\/www.patientenbeteiligung.de\/brandenburg\/","name":"Brandenburg","description":"Patentenbeteiligung in Brandenburg","potentialAction":[{"@type":"SearchAction","target":{"@type":"EntryPoint","urlTemplate":"https:\/\/www.patientenbeteiligung.de\/brandenburg\/?s={search_term_string}"},"query-input":{"@type":"PropertyValueSpecification","valueRequired":true,"valueName":"search_term_string"}}],"inLanguage":"de"},{"@type":"Person","@id":""}]}},"_links":{"self":[{"href":"https:\/\/www.patientenbeteiligung.de\/brandenburg\/wp-json\/wp\/v2\/posts\/108","targetHints":{"allow":["GET"]}}],"collection":[{"href":"https:\/\/www.patientenbeteiligung.de\/brandenburg\/wp-json\/wp\/v2\/posts"}],"about":[{"href":"https:\/\/www.patientenbeteiligung.de\/brandenburg\/wp-json\/wp\/v2\/types\/post"}],"author":[{"embeddable":true,"href":"https:\/\/www.patientenbeteiligung.de\/brandenburg\/wp-json\/wp\/v2\/users\/1"}],"replies":[{"embeddable":true,"href":"https:\/\/www.patientenbeteiligung.de\/brandenburg\/wp-json\/wp\/v2\/comments?post=108"}],"version-history":[{"count":6,"href":"https:\/\/www.patientenbeteiligung.de\/brandenburg\/wp-json\/wp\/v2\/posts\/108\/revisions"}],"predecessor-version":[{"id":291,"href":"https:\/\/www.patientenbeteiligung.de\/brandenburg\/wp-json\/wp\/v2\/posts\/108\/revisions\/291"}],"wp:attachment":[{"href":"https:\/\/www.patientenbeteiligung.de\/brandenburg\/wp-json\/wp\/v2\/media?parent=108"}],"wp:term":[{"taxonomy":"category","embeddable":true,"href":"https:\/\/www.patientenbeteiligung.de\/brandenburg\/wp-json\/wp\/v2\/categories?post=108"},{"taxonomy":"post_tag","embeddable":true,"href":"https:\/\/www.patientenbeteiligung.de\/brandenburg\/wp-json\/wp\/v2\/tags?post=108"}],"curies":[{"name":"wp","href":"https:\/\/api.w.org\/{rel}","templated":true}]}}