{"id":824,"date":"2025-07-18T16:00:00","date_gmt":"2025-07-18T14:00:00","guid":{"rendered":"https:\/\/www.patientenbeteiligung.de\/berlin\/?p=824"},"modified":"2025-07-20T13:47:54","modified_gmt":"2025-07-20T11:47:54","slug":"arztzeitmangel-kv-vorstand-spricht-mit-patientenvertretung-ueber-ambulante-versorgung","status":"publish","type":"post","link":"https:\/\/www.patientenbeteiligung.de\/berlin\/aktuelles\/2025\/07\/18\/arztzeitmangel-kv-vorstand-spricht-mit-patientenvertretung-ueber-ambulante-versorgung\/","title":{"rendered":"\u201eArztzeitmangel\u201c: KV-Vorstand spricht mit Patientenvertretung \u00fcber ambulante Versorgung"},"content":{"rendered":"\n<p>Die ambulante medizinische Versorgung in Berlin wird sich verschlechtern. Das k\u00f6nnte das Fazit eines Vortrags sein, den Dr. Burkhard Ruppert, Vorstandsvorsitzender der Kassen\u00e4rztlichen Vereinigung Berlin (KV Berlin), gegen\u00fcber der Berliner Patientenvertretung am 9. Juli 2025 hielt. Es drohe ein immer gr\u00f6\u00dferer \u201eArztzeitmangel\u201c. Einige Gr\u00fcnde: viele \u00c4rzt:innen gehen in Ruhestand, junge \u00c4rzt:innen arbeiten h\u00e4ufiger als bisher als Angestellte oder in Teilzeit.<\/p>\n\n\n\n<h2 class=\"wp-block-heading\">Berlin: Auf dem Weg in die Unterversorgung<\/h2>\n\n\n\n<p>Noch sei die Versorgung in Berlin vergleichsweise gut: In keinem Bezirk und in keiner Arztgruppe gibt es Unterversorgung \u2013 zumindest nach der \u201eBedarfsplanung\u201c, einem veralteten Modell aus den 1990ern. Die damalige Zahl an \u00c4rzt:innen wurde als Soll-Wert festgelegt und pr\u00e4gt bis heute den Blick auf die Versorgung. Betrachtet man Berlin insgesamt, gibt es formell keinen Mangel. In einzelnen Bezirken sind die Zahlen aber deutlich schlechter: In Marzahn-Hellersdorf liegt die Zahl der Haus\u00e4rzt:innen bei 79 Prozent des Soll-Werts. Bei den Fach\u00e4rzt:innen sind die schlechtesten Werte: 65 Prozent bei den Kinder- und Jugendspsychiater:innen in Reinickendorf sowie 67 Prozent bei den Haut\u00e4rzt:innen in Neuk\u00f6lln. Besonders im Osten Berlins rechnet die KV Berlin mit immer weniger \u00c4rzt:innen. Neben allgemeinen Entwicklungen wie dem Trend zur Teilzeit komme hier hinzu, dass \u00c4rzt:innen andere Bezirke als Arbeits- und Lebensort bevorzugen.<\/p>\n\n\n\n<h2 class=\"wp-block-heading\">\u201ePatientensteuerung\u201c als L\u00f6sung?<\/h2>\n\n\n\n<p>N\u00f6tig sind Gegenma\u00dfnahmen, KV-Vorstand Ruppert stellte etwa die KV-eigenen Hausarztpraxen vor, mit der die Situation im Osten Berlins gelindert werden soll. Er sprach auch \u00fcber eine st\u00e4rkere k\u00fcnftige \u201ePatientensteuerung\u201c. Unter diesem Begriff diskutieren Kassen\u00e4rztlichen Vereinigungen, \u00c4rzteverb\u00e4nde und Krankenkassen neue Modelle. Beim Vernetzungstreffen wurde \u201eBehandlungskoordination\u201c als alternativer Begriff genannt. Gemeint ist eine st\u00e4rkere Koordination durch Haus\u00e4rzt:innen oder andere \u201ePrim\u00e4r\u00e4rzt:innen\u201c, damit Patient:innen gezielter die passende Versorgung erhalten. Ruppert warb auch f\u00fcr die Terminservicestelle der KV Berlin, die \u00fcber die Telefonnummer 116 117 oder die gleichnamige App erreichbar ist. Tausende freie Arzttermine seien dort verzeichnet, aber w\u00fcrden nicht genutzt, sagte Ruppert.<\/p>\n\n\n\n<p>Am gleichen Tag, als Ruppert mit den Patientenvertreter:innen sprach, hatte die KV Berlin zu einem Pressegespr\u00e4ch zum Thema eingeladen. <a href=\"https:\/\/www.tagesspiegel.de\/berlin\/berliner-wirtschaft\/es-muss-eine-erzieherische-massnahme-sein-berliner-arztevertreterin-fordert-harte-fur-termin-schwanzer-13995599.html\">\u201eTagesspiegel\u201c<\/a>, <a href=\"https:\/\/www.berliner-zeitung.de\/mensch-metropole\/wir-haben-nicht-zu-wenige-termine-kv-berlin-sieht-schuld-des-terminmangels-bei-patienten-li.2339378\">\u201eBerliner Zeitung\u201c<\/a>, <a href=\"https:\/\/www.bild.de\/regional\/berlin\/lange-wartezeiten-fuer-termin-berlins-aerzte-versorgung-ist-krank-686ea0f9a893122c2b97d7ec\">\u201eBild\u201c<\/a> und <a href=\"https:\/\/www.aerzteblatt.de\/news\/gesundheitsversorgung-kv-chef-ruppert-will-mehr-politische-ehrlichkeit-da88f9d7-7220-4b5c-9801-6472f93b7cfb\">\u201eDeutsches \u00c4rzteblatt\u201c<\/a> berichteten unter anderem dar\u00fcber.<\/p>\n\n\n\n<h2 class=\"wp-block-heading\">Patientenvertreter:innen in vielen Gremien aktiv<\/h2>\n\n\n\n<p>Die Patientenvertreter:innen, die am Vernetzungstreffen teilnahmen, sind in vielen Gremien aktiv:<\/p>\n\n\n\n<ul class=\"wp-block-list\">\n<li>im Gemeinsames Landesgremium nach \u00a7 90a SGB V, das zu sektoren\u00fcbergreifenden Versorgungsfragen Empfehlungen abgibt;<\/li>\n\n\n\n<li>im Landesausschuss der \u00c4rzte und Krankenkassen, der f\u00fcr die Bedarfsplanung zust\u00e4ndig ist;<\/li>\n\n\n\n<li>im Erweiterter Landesausschuss, der die ambulante spezialfach\u00e4rztliche Versorgung bestimmter Erkrankungen regelt;<\/li>\n\n\n\n<li>im Zulassungs- sowie Berufungsausschuss, die \u00fcber die Zulassung einzelner \u00c4rzt:innen und Psychotherapeut:innen entscheiden;<\/li>\n\n\n\n<li>in den Fachkommissionen zur Qualit\u00e4tssicherung, in denen die Vorgaben f\u00fcr einzelne Versorgungsbereiche \u00fcberpr\u00fcft werden.<\/li>\n<\/ul>\n\n\n\n<div style=\"height:15px\" aria-hidden=\"true\" class=\"wp-block-spacer\"><\/div>\n\n\n\n<p>Patientenvertreter:innen k\u00f6nnen in diesen Gremien mitberaten. Wer sich ehrenamtlich als Patientenvertreter:in engagieren m\u00f6chte, wird von der <a href=\"https:\/\/www.patientenbeteiligung.de\/berlin\/ueber-uns\/koordinierungsstelle\/\">Koordinierungsstelle der Landesvereinigung Selbsthilfe Berlin e.V.<\/a> informiert und unterst\u00fctzt. Die Gewinnung und Qualifizierung ehrenamtlicher Patientenvertreter:innen wird von der Senatsverwaltung f\u00fcr Wissenschaft, Gesundheit und Pflege im <a href=\"https:\/\/www.berlin.de\/sen\/gesundheit\/gesundheitsfoerderung-und-praevention\/integriertes-gesundheits-und-pflege-programm\/\">\u201eIntegrierten Gesundheits- und Pflegeprogramm (IGPP)\u201c<\/a> gef\u00f6rdert.<\/p>\n\n\n\n<h2 class=\"wp-block-heading\">Weitere Infos zu Arztzahlen in Berlin<\/h2>\n\n\n\n<p><a href=\"https:\/\/www.kvberlin.de\/fileadmin\/user_upload\/die_kvberlin\/presse\/Praesentation_Statistiken_zum_Bedarfsplan.pdf\">Kassen\u00e4rztliche Vereinigung Berlin<\/a><\/p>\n","protected":false},"excerpt":{"rendered":"<p>Die ambulante medizinische Versorgung in Berlin wird sich verschlechtern. Das k\u00f6nnte das Fazit eines Vortrags sein, den Dr. Burkhard Ruppert, Vorstandsvorsitzender der Kassen\u00e4rztlichen Vereinigung Berlin (KV Berlin), gegen\u00fcber der Berliner Patientenvertretung am 9. Juli 2025 hielt. Es drohe ein immer gr\u00f6\u00dferer \u201eArztzeitmangel\u201c. Einige Gr\u00fcnde: viele \u00c4rzt:innen gehen in Ruhestand, junge [&hellip;]<\/p>\n","protected":false},"author":12,"featured_media":0,"comment_status":"closed","ping_status":"open","sticky":false,"template":"","format":"standard","meta":{"_acf_changed":false,"footnotes":""},"categories":[1],"tags":[],"class_list":["post-824","post","type-post","status-publish","format-standard","hentry","category-allgemein"],"acf":[],"yoast_head":"<!-- This site is optimized with the Yoast SEO plugin v24.9 - https:\/\/yoast.com\/wordpress\/plugins\/seo\/ -->\n<title>\u201eArztzeitmangel\u201c: KV-Vorstand spricht mit Patientenvertretung \u00fcber ambulante Versorgung - Berlin<\/title>\n<meta name=\"robots\" content=\"index, follow, max-snippet:-1, max-image-preview:large, max-video-preview:-1\" \/>\n<link rel=\"canonical\" href=\"https:\/\/www.patientenbeteiligung.de\/berlin\/aktuelles\/2025\/07\/18\/arztzeitmangel-kv-vorstand-spricht-mit-patientenvertretung-ueber-ambulante-versorgung\/\" \/>\n<meta property=\"og:locale\" content=\"de_DE\" \/>\n<meta property=\"og:type\" content=\"article\" \/>\n<meta property=\"og:title\" content=\"\u201eArztzeitmangel\u201c: KV-Vorstand spricht mit Patientenvertretung \u00fcber ambulante Versorgung - Berlin\" \/>\n<meta property=\"og:description\" content=\"Die ambulante medizinische Versorgung in Berlin wird sich verschlechtern. Das k\u00f6nnte das Fazit eines Vortrags sein, den Dr. Burkhard Ruppert, Vorstandsvorsitzender der Kassen\u00e4rztlichen Vereinigung Berlin (KV Berlin), gegen\u00fcber der Berliner Patientenvertretung am 9. Juli 2025 hielt. Es drohe ein immer gr\u00f6\u00dferer \u201eArztzeitmangel\u201c. Einige Gr\u00fcnde: viele \u00c4rzt:innen gehen in Ruhestand, junge [&hellip;]\" \/>\n<meta property=\"og:url\" content=\"https:\/\/www.patientenbeteiligung.de\/berlin\/aktuelles\/2025\/07\/18\/arztzeitmangel-kv-vorstand-spricht-mit-patientenvertretung-ueber-ambulante-versorgung\/\" \/>\n<meta property=\"og:site_name\" content=\"Berlin\" \/>\n<meta property=\"article:published_time\" content=\"2025-07-18T14:00:00+00:00\" \/>\n<meta property=\"article:modified_time\" content=\"2025-07-20T11:47:54+00:00\" \/>\n<meta name=\"author\" content=\"Niclas Beier\" \/>\n<meta name=\"twitter:card\" content=\"summary_large_image\" \/>\n<meta name=\"twitter:label1\" content=\"Geschrieben von\" \/>\n\t<meta name=\"twitter:data1\" content=\"Niclas Beier\" \/>\n\t<meta name=\"twitter:label2\" content=\"Gesch\u00e4tzte Lesezeit\" \/>\n\t<meta name=\"twitter:data2\" content=\"3\u00a0Minuten\" \/>\n<script type=\"application\/ld+json\" class=\"yoast-schema-graph\">{\"@context\":\"https:\/\/schema.org\",\"@graph\":[{\"@type\":\"WebPage\",\"@id\":\"https:\/\/www.patientenbeteiligung.de\/berlin\/aktuelles\/2025\/07\/18\/arztzeitmangel-kv-vorstand-spricht-mit-patientenvertretung-ueber-ambulante-versorgung\/\",\"url\":\"https:\/\/www.patientenbeteiligung.de\/berlin\/aktuelles\/2025\/07\/18\/arztzeitmangel-kv-vorstand-spricht-mit-patientenvertretung-ueber-ambulante-versorgung\/\",\"name\":\"\u201eArztzeitmangel\u201c: KV-Vorstand spricht mit Patientenvertretung \u00fcber ambulante Versorgung - Berlin\",\"isPartOf\":{\"@id\":\"https:\/\/www.patientenbeteiligung.de\/berlin\/#website\"},\"datePublished\":\"2025-07-18T14:00:00+00:00\",\"dateModified\":\"2025-07-20T11:47:54+00:00\",\"author\":{\"@id\":\"https:\/\/www.patientenbeteiligung.de\/berlin\/#\/schema\/person\/47a713524a4ecf9e362eced8be6e59e7\"},\"breadcrumb\":{\"@id\":\"https:\/\/www.patientenbeteiligung.de\/berlin\/aktuelles\/2025\/07\/18\/arztzeitmangel-kv-vorstand-spricht-mit-patientenvertretung-ueber-ambulante-versorgung\/#breadcrumb\"},\"inLanguage\":\"de\",\"potentialAction\":[{\"@type\":\"ReadAction\",\"target\":[\"https:\/\/www.patientenbeteiligung.de\/berlin\/aktuelles\/2025\/07\/18\/arztzeitmangel-kv-vorstand-spricht-mit-patientenvertretung-ueber-ambulante-versorgung\/\"]}]},{\"@type\":\"BreadcrumbList\",\"@id\":\"https:\/\/www.patientenbeteiligung.de\/berlin\/aktuelles\/2025\/07\/18\/arztzeitmangel-kv-vorstand-spricht-mit-patientenvertretung-ueber-ambulante-versorgung\/#breadcrumb\",\"itemListElement\":[{\"@type\":\"ListItem\",\"position\":1,\"name\":\"Startseite\",\"item\":\"https:\/\/www.patientenbeteiligung.de\/berlin\/\"},{\"@type\":\"ListItem\",\"position\":2,\"name\":\"\u201eArztzeitmangel\u201c: KV-Vorstand spricht mit Patientenvertretung \u00fcber ambulante Versorgung\"}]},{\"@type\":\"WebSite\",\"@id\":\"https:\/\/www.patientenbeteiligung.de\/berlin\/#website\",\"url\":\"https:\/\/www.patientenbeteiligung.de\/berlin\/\",\"name\":\"Berlin\",\"description\":\"Koordinierung und Vernetzung der Patientenvertretung in Berlin\",\"potentialAction\":[{\"@type\":\"SearchAction\",\"target\":{\"@type\":\"EntryPoint\",\"urlTemplate\":\"https:\/\/www.patientenbeteiligung.de\/berlin\/?s={search_term_string}\"},\"query-input\":{\"@type\":\"PropertyValueSpecification\",\"valueRequired\":true,\"valueName\":\"search_term_string\"}}],\"inLanguage\":\"de\"},{\"@type\":\"Person\",\"@id\":\"https:\/\/www.patientenbeteiligung.de\/berlin\/#\/schema\/person\/47a713524a4ecf9e362eced8be6e59e7\",\"name\":\"Niclas Beier\",\"image\":{\"@type\":\"ImageObject\",\"inLanguage\":\"de\",\"@id\":\"https:\/\/www.patientenbeteiligung.de\/berlin\/#\/schema\/person\/image\/\",\"url\":\"https:\/\/secure.gravatar.com\/avatar\/a342a8cdc6d22e2fa7cd930c5a929b3cd174f4f1db8217b06dc3fed18354f75f?s=96&d=mm&r=g\",\"contentUrl\":\"https:\/\/secure.gravatar.com\/avatar\/a342a8cdc6d22e2fa7cd930c5a929b3cd174f4f1db8217b06dc3fed18354f75f?s=96&d=mm&r=g\",\"caption\":\"Niclas Beier\"},\"url\":\"https:\/\/www.patientenbeteiligung.de\/berlin\/aktuelles\/author\/stackermanninzihn8\/\"}]}<\/script>\n<!-- \/ Yoast SEO plugin. -->","yoast_head_json":{"title":"\u201eArztzeitmangel\u201c: KV-Vorstand spricht mit Patientenvertretung \u00fcber ambulante Versorgung - Berlin","robots":{"index":"index","follow":"follow","max-snippet":"max-snippet:-1","max-image-preview":"max-image-preview:large","max-video-preview":"max-video-preview:-1"},"canonical":"https:\/\/www.patientenbeteiligung.de\/berlin\/aktuelles\/2025\/07\/18\/arztzeitmangel-kv-vorstand-spricht-mit-patientenvertretung-ueber-ambulante-versorgung\/","og_locale":"de_DE","og_type":"article","og_title":"\u201eArztzeitmangel\u201c: KV-Vorstand spricht mit Patientenvertretung \u00fcber ambulante Versorgung - Berlin","og_description":"Die ambulante medizinische Versorgung in Berlin wird sich verschlechtern. Das k\u00f6nnte das Fazit eines Vortrags sein, den Dr. Burkhard Ruppert, Vorstandsvorsitzender der Kassen\u00e4rztlichen Vereinigung Berlin (KV Berlin), gegen\u00fcber der Berliner Patientenvertretung am 9. Juli 2025 hielt. Es drohe ein immer gr\u00f6\u00dferer \u201eArztzeitmangel\u201c. Einige Gr\u00fcnde: viele \u00c4rzt:innen gehen in Ruhestand, junge [&hellip;]","og_url":"https:\/\/www.patientenbeteiligung.de\/berlin\/aktuelles\/2025\/07\/18\/arztzeitmangel-kv-vorstand-spricht-mit-patientenvertretung-ueber-ambulante-versorgung\/","og_site_name":"Berlin","article_published_time":"2025-07-18T14:00:00+00:00","article_modified_time":"2025-07-20T11:47:54+00:00","author":"Niclas Beier","twitter_card":"summary_large_image","twitter_misc":{"Geschrieben von":"Niclas Beier","Gesch\u00e4tzte Lesezeit":"3\u00a0Minuten"},"schema":{"@context":"https:\/\/schema.org","@graph":[{"@type":"WebPage","@id":"https:\/\/www.patientenbeteiligung.de\/berlin\/aktuelles\/2025\/07\/18\/arztzeitmangel-kv-vorstand-spricht-mit-patientenvertretung-ueber-ambulante-versorgung\/","url":"https:\/\/www.patientenbeteiligung.de\/berlin\/aktuelles\/2025\/07\/18\/arztzeitmangel-kv-vorstand-spricht-mit-patientenvertretung-ueber-ambulante-versorgung\/","name":"\u201eArztzeitmangel\u201c: KV-Vorstand spricht mit Patientenvertretung \u00fcber ambulante Versorgung - Berlin","isPartOf":{"@id":"https:\/\/www.patientenbeteiligung.de\/berlin\/#website"},"datePublished":"2025-07-18T14:00:00+00:00","dateModified":"2025-07-20T11:47:54+00:00","author":{"@id":"https:\/\/www.patientenbeteiligung.de\/berlin\/#\/schema\/person\/47a713524a4ecf9e362eced8be6e59e7"},"breadcrumb":{"@id":"https:\/\/www.patientenbeteiligung.de\/berlin\/aktuelles\/2025\/07\/18\/arztzeitmangel-kv-vorstand-spricht-mit-patientenvertretung-ueber-ambulante-versorgung\/#breadcrumb"},"inLanguage":"de","potentialAction":[{"@type":"ReadAction","target":["https:\/\/www.patientenbeteiligung.de\/berlin\/aktuelles\/2025\/07\/18\/arztzeitmangel-kv-vorstand-spricht-mit-patientenvertretung-ueber-ambulante-versorgung\/"]}]},{"@type":"BreadcrumbList","@id":"https:\/\/www.patientenbeteiligung.de\/berlin\/aktuelles\/2025\/07\/18\/arztzeitmangel-kv-vorstand-spricht-mit-patientenvertretung-ueber-ambulante-versorgung\/#breadcrumb","itemListElement":[{"@type":"ListItem","position":1,"name":"Startseite","item":"https:\/\/www.patientenbeteiligung.de\/berlin\/"},{"@type":"ListItem","position":2,"name":"\u201eArztzeitmangel\u201c: KV-Vorstand spricht mit Patientenvertretung \u00fcber ambulante Versorgung"}]},{"@type":"WebSite","@id":"https:\/\/www.patientenbeteiligung.de\/berlin\/#website","url":"https:\/\/www.patientenbeteiligung.de\/berlin\/","name":"Berlin","description":"Koordinierung und Vernetzung der Patientenvertretung in Berlin","potentialAction":[{"@type":"SearchAction","target":{"@type":"EntryPoint","urlTemplate":"https:\/\/www.patientenbeteiligung.de\/berlin\/?s={search_term_string}"},"query-input":{"@type":"PropertyValueSpecification","valueRequired":true,"valueName":"search_term_string"}}],"inLanguage":"de"},{"@type":"Person","@id":"https:\/\/www.patientenbeteiligung.de\/berlin\/#\/schema\/person\/47a713524a4ecf9e362eced8be6e59e7","name":"Niclas Beier","image":{"@type":"ImageObject","inLanguage":"de","@id":"https:\/\/www.patientenbeteiligung.de\/berlin\/#\/schema\/person\/image\/","url":"https:\/\/secure.gravatar.com\/avatar\/a342a8cdc6d22e2fa7cd930c5a929b3cd174f4f1db8217b06dc3fed18354f75f?s=96&d=mm&r=g","contentUrl":"https:\/\/secure.gravatar.com\/avatar\/a342a8cdc6d22e2fa7cd930c5a929b3cd174f4f1db8217b06dc3fed18354f75f?s=96&d=mm&r=g","caption":"Niclas Beier"},"url":"https:\/\/www.patientenbeteiligung.de\/berlin\/aktuelles\/author\/stackermanninzihn8\/"}]}},"_links":{"self":[{"href":"https:\/\/www.patientenbeteiligung.de\/berlin\/wp-json\/wp\/v2\/posts\/824","targetHints":{"allow":["GET"]}}],"collection":[{"href":"https:\/\/www.patientenbeteiligung.de\/berlin\/wp-json\/wp\/v2\/posts"}],"about":[{"href":"https:\/\/www.patientenbeteiligung.de\/berlin\/wp-json\/wp\/v2\/types\/post"}],"author":[{"embeddable":true,"href":"https:\/\/www.patientenbeteiligung.de\/berlin\/wp-json\/wp\/v2\/users\/12"}],"replies":[{"embeddable":true,"href":"https:\/\/www.patientenbeteiligung.de\/berlin\/wp-json\/wp\/v2\/comments?post=824"}],"version-history":[{"count":5,"href":"https:\/\/www.patientenbeteiligung.de\/berlin\/wp-json\/wp\/v2\/posts\/824\/revisions"}],"predecessor-version":[{"id":829,"href":"https:\/\/www.patientenbeteiligung.de\/berlin\/wp-json\/wp\/v2\/posts\/824\/revisions\/829"}],"wp:attachment":[{"href":"https:\/\/www.patientenbeteiligung.de\/berlin\/wp-json\/wp\/v2\/media?parent=824"}],"wp:term":[{"taxonomy":"category","embeddable":true,"href":"https:\/\/www.patientenbeteiligung.de\/berlin\/wp-json\/wp\/v2\/categories?post=824"},{"taxonomy":"post_tag","embeddable":true,"href":"https:\/\/www.patientenbeteiligung.de\/berlin\/wp-json\/wp\/v2\/tags?post=824"}],"curies":[{"name":"wp","href":"https:\/\/api.w.org\/{rel}","templated":true}]}}