{"id":812,"date":"2025-05-16T09:00:00","date_gmt":"2025-05-16T07:00:00","guid":{"rendered":"https:\/\/www.patientenbeteiligung.de\/berlin\/?p=812"},"modified":"2025-05-19T14:12:09","modified_gmt":"2025-05-19T12:12:09","slug":"patientenvertretung-bei-berliner-freiwilligenboerse-am-24-mai-2025","status":"publish","type":"post","link":"https:\/\/www.patientenbeteiligung.de\/berlin\/aktuelles\/2025\/05\/16\/patientenvertretung-bei-berliner-freiwilligenboerse-am-24-mai-2025\/","title":{"rendered":"Patientenvertretung bei Berliner Freiwilligenb\u00f6rse am 24. Mai 2025"},"content":{"rendered":"\n<p>Die Landesvereinigung Selbsthilfe Berlin e.V. ist bei der diesj\u00e4hrigen Berliner Freiwilligenb\u00f6rse mit einem eigenen Stand vertreten. Dort k\u00f6nnen Sie sich auch \u00fcber Engagementm\u00f6glichkeiten als ehrenamtliche:r Patientenvertreter:in informieren.<\/p>\n\n\n\n<h2 class=\"wp-block-heading\">\u00dcberblick<\/h2>\n\n\n\n<p><strong>18. Berliner Freiwilligenb\u00f6rse<\/strong><\/p>\n\n\n\n<ul class=\"wp-block-list\">\n<li>Samstag 24. Mai 2025, 11 bis 16 Uhr<\/li>\n<\/ul>\n\n\n\n<ul class=\"wp-block-list\">\n<li>Rotes Rathaus, Haupteingang: Rathausstra\u00dfe 15, barrierefreier Eingang: J\u00fcdenstra\u00dfe 1<\/li>\n<\/ul>\n\n\n\n<ul class=\"wp-block-list\">\n<li>Stand der Landesvereinigung Selbsthilfe Berlin e.V. (Stand 11 im Wappensaal)<\/li>\n<\/ul>\n\n\n\n<h2 class=\"wp-block-heading\">Mehr Infos zur Freiwilligenb\u00f6rse<\/h2>\n\n\n\n<p><a href=\"https:\/\/berliner-freiwilligenboerse.de\/\" target=\"_blank\" rel=\"noreferrer noopener\">18. Berliner Freiwilligenb\u00f6rse<\/a><\/p>\n\n\n\n<p><\/p>\n","protected":false},"excerpt":{"rendered":"<p>Die Landesvereinigung Selbsthilfe Berlin e.V. ist bei der diesj\u00e4hrigen Berliner Freiwilligenb\u00f6rse mit einem eigenen Stand vertreten. Dort k\u00f6nnen Sie sich auch \u00fcber Engagementm\u00f6glichkeiten als ehrenamtliche:r Patientenvertreter:in informieren. \u00dcberblick 18. Berliner Freiwilligenb\u00f6rse Mehr Infos zur Freiwilligenb\u00f6rse 18. Berliner Freiwilligenb\u00f6rse<\/p>\n","protected":false},"author":12,"featured_media":0,"comment_status":"closed","ping_status":"open","sticky":false,"template":"","format":"standard","meta":{"_acf_changed":false,"footnotes":""},"categories":[1],"tags":[],"class_list":["post-812","post","type-post","status-publish","format-standard","hentry","category-allgemein"],"acf":[],"yoast_head":"<!-- This site is optimized with the Yoast SEO plugin v24.9 - https:\/\/yoast.com\/wordpress\/plugins\/seo\/ -->\n<title>Patientenvertretung bei Berliner Freiwilligenb\u00f6rse am 24. Mai 2025 - Berlin<\/title>\n<meta name=\"robots\" content=\"index, follow, max-snippet:-1, max-image-preview:large, max-video-preview:-1\" \/>\n<link rel=\"canonical\" href=\"https:\/\/www.patientenbeteiligung.de\/berlin\/aktuelles\/2025\/05\/16\/patientenvertretung-bei-berliner-freiwilligenboerse-am-24-mai-2025\/\" \/>\n<meta property=\"og:locale\" content=\"de_DE\" \/>\n<meta property=\"og:type\" content=\"article\" \/>\n<meta property=\"og:title\" content=\"Patientenvertretung bei Berliner Freiwilligenb\u00f6rse am 24. Mai 2025 - Berlin\" \/>\n<meta property=\"og:description\" content=\"Die Landesvereinigung Selbsthilfe Berlin e.V. ist bei der diesj\u00e4hrigen Berliner Freiwilligenb\u00f6rse mit einem eigenen Stand vertreten. Dort k\u00f6nnen Sie sich auch \u00fcber Engagementm\u00f6glichkeiten als ehrenamtliche:r Patientenvertreter:in informieren. \u00dcberblick 18. Berliner Freiwilligenb\u00f6rse Mehr Infos zur Freiwilligenb\u00f6rse 18. Berliner Freiwilligenb\u00f6rse\" \/>\n<meta property=\"og:url\" content=\"https:\/\/www.patientenbeteiligung.de\/berlin\/aktuelles\/2025\/05\/16\/patientenvertretung-bei-berliner-freiwilligenboerse-am-24-mai-2025\/\" \/>\n<meta property=\"og:site_name\" content=\"Berlin\" \/>\n<meta property=\"article:published_time\" content=\"2025-05-16T07:00:00+00:00\" \/>\n<meta property=\"article:modified_time\" content=\"2025-05-19T12:12:09+00:00\" \/>\n<meta name=\"author\" content=\"Niclas Beier\" \/>\n<meta name=\"twitter:card\" content=\"summary_large_image\" \/>\n<meta name=\"twitter:label1\" content=\"Geschrieben von\" \/>\n\t<meta name=\"twitter:data1\" content=\"Niclas Beier\" \/>\n\t<meta name=\"twitter:label2\" content=\"Gesch\u00e4tzte Lesezeit\" \/>\n\t<meta name=\"twitter:data2\" content=\"1\u00a0Minute\" \/>\n<script type=\"application\/ld+json\" class=\"yoast-schema-graph\">{\"@context\":\"https:\/\/schema.org\",\"@graph\":[{\"@type\":\"WebPage\",\"@id\":\"https:\/\/www.patientenbeteiligung.de\/berlin\/aktuelles\/2025\/05\/16\/patientenvertretung-bei-berliner-freiwilligenboerse-am-24-mai-2025\/\",\"url\":\"https:\/\/www.patientenbeteiligung.de\/berlin\/aktuelles\/2025\/05\/16\/patientenvertretung-bei-berliner-freiwilligenboerse-am-24-mai-2025\/\",\"name\":\"Patientenvertretung bei Berliner Freiwilligenb\u00f6rse am 24. Mai 2025 - Berlin\",\"isPartOf\":{\"@id\":\"https:\/\/www.patientenbeteiligung.de\/berlin\/#website\"},\"datePublished\":\"2025-05-16T07:00:00+00:00\",\"dateModified\":\"2025-05-19T12:12:09+00:00\",\"author\":{\"@id\":\"https:\/\/www.patientenbeteiligung.de\/berlin\/#\/schema\/person\/47a713524a4ecf9e362eced8be6e59e7\"},\"breadcrumb\":{\"@id\":\"https:\/\/www.patientenbeteiligung.de\/berlin\/aktuelles\/2025\/05\/16\/patientenvertretung-bei-berliner-freiwilligenboerse-am-24-mai-2025\/#breadcrumb\"},\"inLanguage\":\"de\",\"potentialAction\":[{\"@type\":\"ReadAction\",\"target\":[\"https:\/\/www.patientenbeteiligung.de\/berlin\/aktuelles\/2025\/05\/16\/patientenvertretung-bei-berliner-freiwilligenboerse-am-24-mai-2025\/\"]}]},{\"@type\":\"BreadcrumbList\",\"@id\":\"https:\/\/www.patientenbeteiligung.de\/berlin\/aktuelles\/2025\/05\/16\/patientenvertretung-bei-berliner-freiwilligenboerse-am-24-mai-2025\/#breadcrumb\",\"itemListElement\":[{\"@type\":\"ListItem\",\"position\":1,\"name\":\"Startseite\",\"item\":\"https:\/\/www.patientenbeteiligung.de\/berlin\/\"},{\"@type\":\"ListItem\",\"position\":2,\"name\":\"Patientenvertretung bei Berliner Freiwilligenb\u00f6rse am 24. Mai 2025\"}]},{\"@type\":\"WebSite\",\"@id\":\"https:\/\/www.patientenbeteiligung.de\/berlin\/#website\",\"url\":\"https:\/\/www.patientenbeteiligung.de\/berlin\/\",\"name\":\"Berlin\",\"description\":\"Koordinierung und Vernetzung der Patientenvertretung in Berlin\",\"potentialAction\":[{\"@type\":\"SearchAction\",\"target\":{\"@type\":\"EntryPoint\",\"urlTemplate\":\"https:\/\/www.patientenbeteiligung.de\/berlin\/?s={search_term_string}\"},\"query-input\":{\"@type\":\"PropertyValueSpecification\",\"valueRequired\":true,\"valueName\":\"search_term_string\"}}],\"inLanguage\":\"de\"},{\"@type\":\"Person\",\"@id\":\"https:\/\/www.patientenbeteiligung.de\/berlin\/#\/schema\/person\/47a713524a4ecf9e362eced8be6e59e7\",\"name\":\"Niclas Beier\",\"image\":{\"@type\":\"ImageObject\",\"inLanguage\":\"de\",\"@id\":\"https:\/\/www.patientenbeteiligung.de\/berlin\/#\/schema\/person\/image\/\",\"url\":\"https:\/\/secure.gravatar.com\/avatar\/a342a8cdc6d22e2fa7cd930c5a929b3cd174f4f1db8217b06dc3fed18354f75f?s=96&d=mm&r=g\",\"contentUrl\":\"https:\/\/secure.gravatar.com\/avatar\/a342a8cdc6d22e2fa7cd930c5a929b3cd174f4f1db8217b06dc3fed18354f75f?s=96&d=mm&r=g\",\"caption\":\"Niclas Beier\"},\"url\":\"https:\/\/www.patientenbeteiligung.de\/berlin\/aktuelles\/author\/stackermanninzihn8\/\"}]}<\/script>\n<!-- \/ Yoast SEO plugin. -->","yoast_head_json":{"title":"Patientenvertretung bei Berliner Freiwilligenb\u00f6rse am 24. Mai 2025 - Berlin","robots":{"index":"index","follow":"follow","max-snippet":"max-snippet:-1","max-image-preview":"max-image-preview:large","max-video-preview":"max-video-preview:-1"},"canonical":"https:\/\/www.patientenbeteiligung.de\/berlin\/aktuelles\/2025\/05\/16\/patientenvertretung-bei-berliner-freiwilligenboerse-am-24-mai-2025\/","og_locale":"de_DE","og_type":"article","og_title":"Patientenvertretung bei Berliner Freiwilligenb\u00f6rse am 24. Mai 2025 - Berlin","og_description":"Die Landesvereinigung Selbsthilfe Berlin e.V. ist bei der diesj\u00e4hrigen Berliner Freiwilligenb\u00f6rse mit einem eigenen Stand vertreten. Dort k\u00f6nnen Sie sich auch \u00fcber Engagementm\u00f6glichkeiten als ehrenamtliche:r Patientenvertreter:in informieren. \u00dcberblick 18. Berliner Freiwilligenb\u00f6rse Mehr Infos zur Freiwilligenb\u00f6rse 18. Berliner Freiwilligenb\u00f6rse","og_url":"https:\/\/www.patientenbeteiligung.de\/berlin\/aktuelles\/2025\/05\/16\/patientenvertretung-bei-berliner-freiwilligenboerse-am-24-mai-2025\/","og_site_name":"Berlin","article_published_time":"2025-05-16T07:00:00+00:00","article_modified_time":"2025-05-19T12:12:09+00:00","author":"Niclas Beier","twitter_card":"summary_large_image","twitter_misc":{"Geschrieben von":"Niclas Beier","Gesch\u00e4tzte Lesezeit":"1\u00a0Minute"},"schema":{"@context":"https:\/\/schema.org","@graph":[{"@type":"WebPage","@id":"https:\/\/www.patientenbeteiligung.de\/berlin\/aktuelles\/2025\/05\/16\/patientenvertretung-bei-berliner-freiwilligenboerse-am-24-mai-2025\/","url":"https:\/\/www.patientenbeteiligung.de\/berlin\/aktuelles\/2025\/05\/16\/patientenvertretung-bei-berliner-freiwilligenboerse-am-24-mai-2025\/","name":"Patientenvertretung bei Berliner Freiwilligenb\u00f6rse am 24. Mai 2025 - Berlin","isPartOf":{"@id":"https:\/\/www.patientenbeteiligung.de\/berlin\/#website"},"datePublished":"2025-05-16T07:00:00+00:00","dateModified":"2025-05-19T12:12:09+00:00","author":{"@id":"https:\/\/www.patientenbeteiligung.de\/berlin\/#\/schema\/person\/47a713524a4ecf9e362eced8be6e59e7"},"breadcrumb":{"@id":"https:\/\/www.patientenbeteiligung.de\/berlin\/aktuelles\/2025\/05\/16\/patientenvertretung-bei-berliner-freiwilligenboerse-am-24-mai-2025\/#breadcrumb"},"inLanguage":"de","potentialAction":[{"@type":"ReadAction","target":["https:\/\/www.patientenbeteiligung.de\/berlin\/aktuelles\/2025\/05\/16\/patientenvertretung-bei-berliner-freiwilligenboerse-am-24-mai-2025\/"]}]},{"@type":"BreadcrumbList","@id":"https:\/\/www.patientenbeteiligung.de\/berlin\/aktuelles\/2025\/05\/16\/patientenvertretung-bei-berliner-freiwilligenboerse-am-24-mai-2025\/#breadcrumb","itemListElement":[{"@type":"ListItem","position":1,"name":"Startseite","item":"https:\/\/www.patientenbeteiligung.de\/berlin\/"},{"@type":"ListItem","position":2,"name":"Patientenvertretung bei Berliner Freiwilligenb\u00f6rse am 24. Mai 2025"}]},{"@type":"WebSite","@id":"https:\/\/www.patientenbeteiligung.de\/berlin\/#website","url":"https:\/\/www.patientenbeteiligung.de\/berlin\/","name":"Berlin","description":"Koordinierung und Vernetzung der Patientenvertretung in Berlin","potentialAction":[{"@type":"SearchAction","target":{"@type":"EntryPoint","urlTemplate":"https:\/\/www.patientenbeteiligung.de\/berlin\/?s={search_term_string}"},"query-input":{"@type":"PropertyValueSpecification","valueRequired":true,"valueName":"search_term_string"}}],"inLanguage":"de"},{"@type":"Person","@id":"https:\/\/www.patientenbeteiligung.de\/berlin\/#\/schema\/person\/47a713524a4ecf9e362eced8be6e59e7","name":"Niclas Beier","image":{"@type":"ImageObject","inLanguage":"de","@id":"https:\/\/www.patientenbeteiligung.de\/berlin\/#\/schema\/person\/image\/","url":"https:\/\/secure.gravatar.com\/avatar\/a342a8cdc6d22e2fa7cd930c5a929b3cd174f4f1db8217b06dc3fed18354f75f?s=96&d=mm&r=g","contentUrl":"https:\/\/secure.gravatar.com\/avatar\/a342a8cdc6d22e2fa7cd930c5a929b3cd174f4f1db8217b06dc3fed18354f75f?s=96&d=mm&r=g","caption":"Niclas Beier"},"url":"https:\/\/www.patientenbeteiligung.de\/berlin\/aktuelles\/author\/stackermanninzihn8\/"}]}},"_links":{"self":[{"href":"https:\/\/www.patientenbeteiligung.de\/berlin\/wp-json\/wp\/v2\/posts\/812","targetHints":{"allow":["GET"]}}],"collection":[{"href":"https:\/\/www.patientenbeteiligung.de\/berlin\/wp-json\/wp\/v2\/posts"}],"about":[{"href":"https:\/\/www.patientenbeteiligung.de\/berlin\/wp-json\/wp\/v2\/types\/post"}],"author":[{"embeddable":true,"href":"https:\/\/www.patientenbeteiligung.de\/berlin\/wp-json\/wp\/v2\/users\/12"}],"replies":[{"embeddable":true,"href":"https:\/\/www.patientenbeteiligung.de\/berlin\/wp-json\/wp\/v2\/comments?post=812"}],"version-history":[{"count":9,"href":"https:\/\/www.patientenbeteiligung.de\/berlin\/wp-json\/wp\/v2\/posts\/812\/revisions"}],"predecessor-version":[{"id":822,"href":"https:\/\/www.patientenbeteiligung.de\/berlin\/wp-json\/wp\/v2\/posts\/812\/revisions\/822"}],"wp:attachment":[{"href":"https:\/\/www.patientenbeteiligung.de\/berlin\/wp-json\/wp\/v2\/media?parent=812"}],"wp:term":[{"taxonomy":"category","embeddable":true,"href":"https:\/\/www.patientenbeteiligung.de\/berlin\/wp-json\/wp\/v2\/categories?post=812"},{"taxonomy":"post_tag","embeddable":true,"href":"https:\/\/www.patientenbeteiligung.de\/berlin\/wp-json\/wp\/v2\/tags?post=812"}],"curies":[{"name":"wp","href":"https:\/\/api.w.org\/{rel}","templated":true}]}}